{"id":10170,"date":"2025-09-12T15:46:48","date_gmt":"2025-09-12T21:46:48","guid":{"rendered":"https:\/\/elguanajuatense.vip\/?p=10170"},"modified":"2025-09-12T15:46:48","modified_gmt":"2025-09-12T21:46:48","slug":"guanajuato-avanza-con-justicia-la-alcaldesa-libia-dennise-impulsa-paz-y-armonia-ciudadana-libiadennise-gobiernogto","status":"publish","type":"post","link":"https:\/\/elguanajuatense.vip\/?p=10170","title":{"rendered":"Guanajuato avanza con justicia: la alcaldesa Libia Dennise impulsa paz y armon\u00eda ciudadana \/ @LibiaDennise @gobiernogto >>>"},"content":{"rendered":"\n<p class=\"wp-block-paragraph\"><strong>#GobiernoDeGuanajuato.-<\/strong> La gobernadora Libia Dennise reafirm\u00f3 su compromiso con el desarrollo de un Guanajuato m\u00e1s justo, pac\u00edfico y armonioso, al servicio de las y los ciudadanos. En su mensaje, destac\u00f3 la importancia de seguir construyendo un estado donde prevalezcan los valores de la justicia y el respeto, siempre en unidad con la sociedad y las instituciones.<\/p>\n\n\n\n<p class=\"wp-block-paragraph\">En el marco de la conmemoraci\u00f3n del 38 aniversario del Tribunal de Justicia Administrativa del Estado de Guanajuato, la mandataria reconoci\u00f3 la evoluci\u00f3n de esta instituci\u00f3n, que a lo largo de los a\u00f1os ha demostrado profesionalismo, certeza y un firme compromiso con la ciudadan\u00eda. Subray\u00f3 que este \u00f3rgano se ha consolidado como un pilar fundamental para el Estado de Derecho en la entidad.<\/p>\n\n\n\n<p class=\"wp-block-paragraph\">Durante su participaci\u00f3n, Libia Dennise resalt\u00f3 la labor de quienes integran el Tribunal, se\u00f1alando que las magistradas, magistrados y todo el personal administrativo son pieza clave en el fortalecimiento de la confianza ciudadana. Agradeci\u00f3 su entrega y dedicaci\u00f3n, valores que se reflejan en cada resoluci\u00f3n y en la consolidaci\u00f3n de un sistema de justicia administrativa m\u00e1s eficiente y cercano a la gente.<\/p>\n\n\n\n<p class=\"wp-block-paragraph\">Finalmente, la gobernadora reiter\u00f3 su reconocimiento al equipo que conforma esta instituci\u00f3n, enfatizando que su trabajo cotidiano contribuye de manera significativa a la legitimidad de las instituciones p\u00fablicas. Concluy\u00f3 se\u00f1alando que el camino hacia un Guanajuato con mayor justicia se construye en conjunto, desde la legalidad, el respeto y el compromiso institucional.<\/p>\n\n\n\n<p class=\"wp-block-paragraph\">#ElGuanajuatenseVIP \u2013\u00a0<a href=\"https:\/\/www.facebook.com\/ElGuanajuatenseVIP\/\">El Guanajuatense VIP<\/a><\/p>\n","protected":false},"excerpt":{"rendered":"<p>#GobiernoDeGuanajuato.- La gobernadora Libia Dennise reafirm\u00f3 su compromiso con el desarrollo de un Guanajuato m\u00e1s justo, pac\u00edfico y armonioso, al<\/p>\n","protected":false},"author":7,"featured_media":10171,"comment_status":"open","ping_status":"open","sticky":false,"template":"","format":"standard","meta":{"colormag_page_container_layout":"default_layout","colormag_page_sidebar_layout":"default_layout","rop_custom_images_group":[],"rop_custom_messages_group":[],"rop_publish_now":"no","rop_publish_now_accounts":{"facebook_100397929117741_105998571690021":""},"rop_publish_now_history":[{"account":"facebook_100397929117741_105998571690021","service":"facebook","timestamp":1757713629,"status":"success"}],"rop_publish_now_status":"done","footnotes":""},"categories":[7],"tags":[54,37,42,30,174,33,39,41],"class_list":["post-10170","post","type-post","status-publish","format-standard","has-post-thumbnail","hentry","category-principales","tag-claudia-sheinbaum-pardo","tag-comunicacion-social-gobierno-de-guanajuato","tag-en-vivo","tag-guanajuato-gobierno-del-estado","tag-libia-dennise","tag-pan-guanajuato","tag-ultima-hora","tag-ultimo-minuto"],"_links":{"self":[{"href":"https:\/\/elguanajuatense.vip\/index.php?rest_route=\/wp\/v2\/posts\/10170","targetHints":{"allow":["GET"]}}],"collection":[{"href":"https:\/\/elguanajuatense.vip\/index.php?rest_route=\/wp\/v2\/posts"}],"about":[{"href":"https:\/\/elguanajuatense.vip\/index.php?rest_route=\/wp\/v2\/types\/post"}],"author":[{"embeddable":true,"href":"https:\/\/elguanajuatense.vip\/index.php?rest_route=\/wp\/v2\/users\/7"}],"replies":[{"embeddable":true,"href":"https:\/\/elguanajuatense.vip\/index.php?rest_route=%2Fwp%2Fv2%2Fcomments&post=10170"}],"version-history":[{"count":1,"href":"https:\/\/elguanajuatense.vip\/index.php?rest_route=\/wp\/v2\/posts\/10170\/revisions"}],"predecessor-version":[{"id":10172,"href":"https:\/\/elguanajuatense.vip\/index.php?rest_route=\/wp\/v2\/posts\/10170\/revisions\/10172"}],"wp:featuredmedia":[{"embeddable":true,"href":"https:\/\/elguanajuatense.vip\/index.php?rest_route=\/wp\/v2\/media\/10171"}],"wp:attachment":[{"href":"https:\/\/elguanajuatense.vip\/index.php?rest_route=%2Fwp%2Fv2%2Fmedia&parent=10170"}],"wp:term":[{"taxonomy":"category","embeddable":true,"href":"https:\/\/elguanajuatense.vip\/index.php?rest_route=%2Fwp%2Fv2%2Fcategories&post=10170"},{"taxonomy":"post_tag","embeddable":true,"href":"https:\/\/elguanajuatense.vip\/index.php?rest_route=%2Fwp%2Fv2%2Ftags&post=10170"}],"curies":[{"name":"wp","href":"https:\/\/api.w.org\/{rel}","templated":true}]}}