{"id":10176,"date":"2025-09-12T15:56:54","date_gmt":"2025-09-12T21:56:54","guid":{"rendered":"https:\/\/elguanajuatense.vip\/?p=10176"},"modified":"2025-09-12T15:57:07","modified_gmt":"2025-09-12T21:57:07","slug":"dolores-hidalgo-guanajuato-celebra-con-orgullo-el-grito-de-independencia-junto-a-estudiantes-adrianbiz1-doloreshgogto","status":"publish","type":"post","link":"https:\/\/elguanajuatense.vip\/?p=10176","title":{"rendered":"Dolores Hidalgo celebra con orgullo el Grito de Independencia junto a estudiantes \/ @AdrianBiz1 @DoloresHgoGto >>>"},"content":{"rendered":"\n<p><strong>#DoloresHidalgo, #Gto.-<\/strong> En Dolores Hidalgo, cuna de la Independencia Nacional, el presidente municipal visit\u00f3 con entusiasmo el Colegio Lic. \u00c1lvaro de Osio y Ocampo para compartir con las y los alumnos una de las tradiciones m\u00e1s significativas del pa\u00eds: el Grito de Independencia. La participaci\u00f3n de la comunidad estudiantil dio un toque especial a este acto conmemorativo.<\/p>\n\n\n\n<p>Durante el evento, ni\u00f1as y ni\u00f1os se unieron con alegr\u00eda y respeto para entonar vivas a los h\u00e9roes que nos dieron patria. El ambiente se llen\u00f3 de orgullo y emoci\u00f3n, creando un momento inolvidable que reforz\u00f3 el sentido de pertenencia e identidad entre las nuevas generaciones.<\/p>\n\n\n\n<p>El presidente municipal destac\u00f3 la importancia de mantener vivas nuestras tradiciones, especialmente en un lugar con tanta relevancia hist\u00f3rica como Dolores Hidalgo. Se\u00f1al\u00f3 que actos como este fortalecen los valores c\u00edvicos y el amor por M\u00e9xico desde la infancia.<\/p>\n\n\n\n<p>Este encuentro patri\u00f3tico no solo celebr\u00f3 el legado hist\u00f3rico de la naci\u00f3n, sino que tambi\u00e9n sembr\u00f3 en los corazones de las y los estudiantes el valor de recordar y honrar nuestras ra\u00edces. As\u00ed, Dolores Hidalgo contin\u00faa siendo un referente de unidad, cultura y memoria nacional.<\/p>\n\n\n\n<p>#ElGuanajuatenseVIP \u2013\u00a0<a href=\"https:\/\/www.facebook.com\/ElGuanajuatenseVIP\/\">El Guanajuatense VIP<\/a><\/p>\n","protected":false},"excerpt":{"rendered":"<p>#DoloresHidalgo, #Gto.- En Dolores Hidalgo, cuna de la Independencia Nacional, el presidente municipal visit\u00f3 con entusiasmo el Colegio Lic. \u00c1lvaro<\/p>\n","protected":false},"author":7,"featured_media":10177,"comment_status":"open","ping_status":"open","sticky":false,"template":"","format":"standard","meta":{"colormag_page_container_layout":"default_layout","colormag_page_sidebar_layout":"default_layout","rop_custom_images_group":[],"rop_custom_messages_group":[],"rop_publish_now":"no","rop_publish_now_accounts":{"facebook_100397929117741_105998571690021":""},"rop_publish_now_history":[{"account":"facebook_100397929117741_105998571690021","service":"facebook","timestamp":1757714241,"status":"success"}],"rop_publish_now_status":"done","footnotes":""},"categories":[26],"tags":[129,54,37,128,45,42,30,33,38,39,40,41],"class_list":["post-10176","post","type-post","status-publish","format-standard","has-post-thumbnail","hentry","category-municipios","tag-adrian-hernandez-alejandri","tag-claudia-sheinbaum-pardo","tag-comunicacion-social-gobierno-de-guanajuato","tag-dolores-hidalgo-cuna-de-la-independencia-nacional","tag-el-guanajuatense-vip","tag-en-vivo","tag-guanajuato-gobierno-del-estado","tag-pan-guanajuato","tag-redes-sociales","tag-ultima-hora","tag-ultimas-noticias","tag-ultimo-minuto"],"_links":{"self":[{"href":"https:\/\/elguanajuatense.vip\/index.php?rest_route=\/wp\/v2\/posts\/10176","targetHints":{"allow":["GET"]}}],"collection":[{"href":"https:\/\/elguanajuatense.vip\/index.php?rest_route=\/wp\/v2\/posts"}],"about":[{"href":"https:\/\/elguanajuatense.vip\/index.php?rest_route=\/wp\/v2\/types\/post"}],"author":[{"embeddable":true,"href":"https:\/\/elguanajuatense.vip\/index.php?rest_route=\/wp\/v2\/users\/7"}],"replies":[{"embeddable":true,"href":"https:\/\/elguanajuatense.vip\/index.php?rest_route=%2Fwp%2Fv2%2Fcomments&post=10176"}],"version-history":[{"count":2,"href":"https:\/\/elguanajuatense.vip\/index.php?rest_route=\/wp\/v2\/posts\/10176\/revisions"}],"predecessor-version":[{"id":10179,"href":"https:\/\/elguanajuatense.vip\/index.php?rest_route=\/wp\/v2\/posts\/10176\/revisions\/10179"}],"wp:featuredmedia":[{"embeddable":true,"href":"https:\/\/elguanajuatense.vip\/index.php?rest_route=\/wp\/v2\/media\/10177"}],"wp:attachment":[{"href":"https:\/\/elguanajuatense.vip\/index.php?rest_route=%2Fwp%2Fv2%2Fmedia&parent=10176"}],"wp:term":[{"taxonomy":"category","embeddable":true,"href":"https:\/\/elguanajuatense.vip\/index.php?rest_route=%2Fwp%2Fv2%2Fcategories&post=10176"},{"taxonomy":"post_tag","embeddable":true,"href":"https:\/\/elguanajuatense.vip\/index.php?rest_route=%2Fwp%2Fv2%2Ftags&post=10176"}],"curies":[{"name":"wp","href":"https:\/\/api.w.org\/{rel}","templated":true}]}}