{"id":1019,"date":"2022-01-05T13:23:55","date_gmt":"2022-01-05T19:23:55","guid":{"rendered":"http:\/\/elguanajuatense.vip\/?p=1019"},"modified":"2022-01-05T13:23:56","modified_gmt":"2022-01-05T19:23:56","slug":"la-alcaldesa-de-veracruz-patricia-lobeira-rodriguez-presenta-la-procuraduria-para-la-defensa-de-los-usuarios-del-agua","status":"publish","type":"post","link":"https:\/\/elguanajuatense.vip\/?p=1019","title":{"rendered":"La alcaldesa de Veracruz, Patricia Lobeira Rodr\u00edguez presenta la Procuraduri\u0301a para la Defensa de los Usuarios del Agua"},"content":{"rendered":"\n<p><strong>#Veracruz<\/strong>, <strong>#Ver<\/strong>.- La alcaldesa del Puerto de Veracruz, Patricia Lobeira Rodr\u00edguez, realiz\u00f3 la presentaci\u00f3n de la Procuradur\u00eda para la Defensa de los Usuarios del Agua, primer organismo en su tipo en todo el Estado de Veracruz y el segundo a nivel nacional, que estar\u00e1 encargada de cuidar y vigilar el Derecho Humano de acceso, disposici\u00f3n y saneamiento de agua, en forma suficiente.<\/p>\n\n\n\n<p>Inform\u00f3 que a trav\u00e9s de esta procuradur\u00eda se atender\u00e1n todas las solicitudes y quejas de los veracruzanos por el servicio de mala calidad, abusos en los cobros y en los tr\u00e1mites, adem\u00e1s de afectaciones por escasez y cortes del suministro del agua<\/p>\n\n\n\n<p>\u201cPrioriz\u00e1remos la atenci\u00f3n, dando un per\u00edodo de respuesta m\u00e1ximo de 3 d\u00edas, y en caso de cortes, auxiliaremos en la promoci\u00f3n de las acciones legales pertinentes para lograr el restablecimiento inmediato del servicio\u201d<\/p>\n\n\n\n<p>Destac\u00f3 que todos los tr\u00e1mites que se realicen en esta dependencia ser\u00e1n gratuitos y podr\u00e1n ser realizados de manera f\u00edsica o en pr\u00f3xima fechas digital; en la red social Facebook lo podr\u00e1n encontrar como Procuradur\u00eda para la Protecci\u00f3n de los Usuarios del Agua.<\/p>\n\n\n\n<p>La alcaldesa afirm\u00f3 que desde el primer d\u00eda de campa\u00f1a hizo el compromiso de apoyar a los veracruzanos y a tener este tema como prioridad en su gobierno, y es por ello que se est\u00e1 creando esta Procuradur\u00eda, para tener total enfoque y cuidado de este servicio de vital importancia. \u201cHacerles saber a los ciudadanos que cuentan con todo el apoyo de nuestra administraci\u00f3n municipal para defenderlos\u201d, manifest\u00f3.<\/p>\n\n\n\n<p><strong>#ElGuanajuatenseVip<\/strong><\/p>\n","protected":false},"excerpt":{"rendered":"<p>#Veracruz, #Ver.- La alcaldesa del Puerto de Veracruz, Patricia Lobeira Rodr\u00edguez, realiz\u00f3 la presentaci\u00f3n de la Procuradur\u00eda para la Defensa<\/p>\n","protected":false},"author":8,"featured_media":0,"comment_status":"open","ping_status":"open","sticky":false,"template":"","format":"standard","meta":{"colormag_page_container_layout":"default_layout","colormag_page_sidebar_layout":"default_layout","rop_custom_images_group":[],"rop_custom_messages_group":[],"rop_publish_now":"initial","rop_publish_now_accounts":{"facebook_100397929117741_105998571690021":""},"rop_publish_now_history":[],"rop_publish_now_status":"pending","footnotes":""},"categories":[24],"tags":[139,45,42,140,144,38,39,40,41],"class_list":["post-1019","post","type-post","status-publish","format-standard","hentry","category-municipios-en-mexico","tag-dif-veracruz","tag-el-guanajuatense-vip","tag-en-vivo","tag-h-ayuntamiento-de-veracruz","tag-patricia-lobeira-rodriguez","tag-redes-sociales","tag-ultima-hora","tag-ultimas-noticias","tag-ultimo-minuto"],"_links":{"self":[{"href":"https:\/\/elguanajuatense.vip\/index.php?rest_route=\/wp\/v2\/posts\/1019","targetHints":{"allow":["GET"]}}],"collection":[{"href":"https:\/\/elguanajuatense.vip\/index.php?rest_route=\/wp\/v2\/posts"}],"about":[{"href":"https:\/\/elguanajuatense.vip\/index.php?rest_route=\/wp\/v2\/types\/post"}],"author":[{"embeddable":true,"href":"https:\/\/elguanajuatense.vip\/index.php?rest_route=\/wp\/v2\/users\/8"}],"replies":[{"embeddable":true,"href":"https:\/\/elguanajuatense.vip\/index.php?rest_route=%2Fwp%2Fv2%2Fcomments&post=1019"}],"version-history":[{"count":1,"href":"https:\/\/elguanajuatense.vip\/index.php?rest_route=\/wp\/v2\/posts\/1019\/revisions"}],"predecessor-version":[{"id":1021,"href":"https:\/\/elguanajuatense.vip\/index.php?rest_route=\/wp\/v2\/posts\/1019\/revisions\/1021"}],"wp:attachment":[{"href":"https:\/\/elguanajuatense.vip\/index.php?rest_route=%2Fwp%2Fv2%2Fmedia&parent=1019"}],"wp:term":[{"taxonomy":"category","embeddable":true,"href":"https:\/\/elguanajuatense.vip\/index.php?rest_route=%2Fwp%2Fv2%2Fcategories&post=1019"},{"taxonomy":"post_tag","embeddable":true,"href":"https:\/\/elguanajuatense.vip\/index.php?rest_route=%2Fwp%2Fv2%2Ftags&post=1019"}],"curies":[{"name":"wp","href":"https:\/\/api.w.org\/{rel}","templated":true}]}}