{"id":10433,"date":"2026-01-21T20:27:21","date_gmt":"2026-01-22T02:27:21","guid":{"rendered":"https:\/\/elguanajuatense.vip\/?p=10433"},"modified":"2026-01-21T20:27:52","modified_gmt":"2026-01-22T02:27:52","slug":"guanajuato-en-la-liga-internacional-del-turismo-libiadennise-gobiernogto","status":"publish","type":"post","link":"https:\/\/elguanajuatense.vip\/?p=10433","title":{"rendered":"Guanajuato en la liga internacional del turismo \/  @LibiaDennise @gobiernogto >>>"},"content":{"rendered":"\n<p><strong>#GobiernoDeGuanajuato.-<\/strong> En el tercer d\u00eda de la gira de trabajo por Espa\u00f1a, la Gobernadora de la Gente, Libia Dennise Garc\u00eda Mu\u00f1oz Ledo, encabez\u00f3 la inauguraci\u00f3n del Pabell\u00f3n Guanajuato durante la apertura de la Feria Internacional de Turismo (FITUR) 2026, que se realiza del 21 al 25 de enero en Madrid.<\/p>\n\n\n\n<p>\u201cNuestro Pabell\u00f3n de Guanajuato en FITUR 2026 es un pedacito de nuestra cultura, de la pasi\u00f3n con la que hacemos las cosas y del talento de nuestra gente. Es un espacio vivo y cercano, que se siente y se disfruta con mojigangas, sabores que cuentan historias, catas, artesan\u00edas y experiencias que conectan directo con el coraz\u00f3n\u201d, expres\u00f3 la Mandataria Estatal.<\/p>\n\n\n\n<p><strong>Inaugura la Gobernadora el Pabell\u00f3n Guanajuato en FITUR 2026<\/strong><\/p>\n\n\n\n<p>La jornada inici\u00f3 con el corte de list\u00f3n y un recorrido por el Pabell\u00f3n de M\u00e9xico, espacio que re\u00fane a autoridades, l\u00edderes del sector, operadores tur\u00edsticos e inversionistas internacionales.<\/p>\n\n\n\n<p>Posteriormente, la Gobernadora encabez\u00f3 la inauguraci\u00f3n y recorrido del Pabell\u00f3n Guanajuato, ubicado dentro del stand nacional, donde el estado se presenta como un destino con personalidad propia, experiencias culturales y gastron\u00f3micas distintivas, y una visi\u00f3n de largo plazo en materia tur\u00edstica.<\/p>\n\n\n\n<p>El espacio guanajuatense fue dise\u00f1ado como un punto de encuentro profesional para la generaci\u00f3n de citas de negocio, la promoci\u00f3n de alianzas estrat\u00e9gicas y la apertura de nuevas oportunidades con turoperadores, medios de comunicaci\u00f3n, inversionistas y l\u00edderes del sector. A trav\u00e9s de experiencias sensoriales, muestras artesanales y degustaciones, Guanajuato proyecta su identidad como un destino aut\u00e9ntico, diverso y con ra\u00edces profundas, capaz de competir en el mercado internacional.<\/p>\n\n\n\n<p>Esta presencia se alinea con la Nueva Marca Tur\u00edstica del estado y con la visi\u00f3n del Gobierno de la Gente, que apuesta por un modelo de promoci\u00f3n tur\u00edstica centrado en las personas, combinando tradici\u00f3n, innovaci\u00f3n y beneficios directos para las comunidades.<\/p>\n\n\n\n<p><strong>Turismo y empoderamiento: Guanajuato en la conversaci\u00f3n global<\/strong><\/p>\n\n\n\n<p>Por la tarde, la Gobernadora particip\u00f3 en FITUR Woman, en el panel \u201cSoluciones y beneficios del empoderamiento econ\u00f3mico en el \u00e1mbito regional\u201d, un foro internacional que posiciona al turismo como una herramienta estrat\u00e9gica para el crecimiento sostenible y la igualdad de oportunidades.<\/p>\n\n\n\n<p>Desde este espacio, Libia Dennise comparti\u00f3 la experiencia de Guanajuato como un estado que impulsa un modelo tur\u00edstico con enfoque social y perspectiva de g\u00e9nero, donde el desarrollo no solo se mide en visitantes o derrama econ\u00f3mica, sino en la capacidad de generar independencia econ\u00f3mica, bienestar y oportunidades reales para las mujeres.<\/p>\n\n\n\n<p><strong>Guanajuato destaca en los Premios Excelencias: reconocimiento internacional a su modelo tur\u00edstico y gastron\u00f3mico<\/strong><\/p>\n\n\n\n<p>Como parte de la agenda en FITUR, la Gobernadora asisti\u00f3 a la Ceremonia de Entrega de los Premios Excelencias, uno de los reconocimientos m\u00e1s relevantes del sector tur\u00edstico a nivel internacional, que distingue proyectos con impacto social, econ\u00f3mico y cultural.<\/p>\n\n\n\n<p>En la categor\u00eda Excelencias Tur\u00edsticas, Guanajuato fue premiado por el proyecto \u201cEnoturismo en el Valle de la Independencia\u201d, una iniciativa que articula 46 vi\u00f1edos distribuidos en los municipios de Dolores Hidalgo, San Miguel de Allende, Le\u00f3n y Comonfort, consolidando al estado como un destino emergente de enoturismo con identidad, valor cultural y alto potencial internacional.<\/p>\n\n\n\n<p>#ElGuanajuatenseVIP \u2013\u00a0<a href=\"https:\/\/www.facebook.com\/ElGuanajuatenseVIP\/\">El Guanajuatense VIP<\/a><\/p>\n","protected":false},"excerpt":{"rendered":"<p>#GobiernoDeGuanajuato.- En el tercer d\u00eda de la gira de trabajo por Espa\u00f1a, la Gobernadora de la Gente, Libia Dennise Garc\u00eda<\/p>\n","protected":false},"author":7,"featured_media":10434,"comment_status":"open","ping_status":"open","sticky":false,"template":"","format":"standard","meta":{"colormag_page_container_layout":"default_layout","colormag_page_sidebar_layout":"default_layout","rop_custom_images_group":[],"rop_custom_messages_group":[],"rop_publish_now":"no","rop_publish_now_accounts":{"facebook_100397929117741_105998571690021":""},"rop_publish_now_history":[{"account":"facebook_100397929117741_105998571690021","service":"facebook","timestamp":1769048861,"status":"success"}],"rop_publish_now_status":"done","footnotes":""},"categories":[7],"tags":[54,37,31,45,42,30,174,33,38,192,39,40,41],"class_list":["post-10433","post","type-post","status-publish","format-standard","has-post-thumbnail","hentry","category-principales","tag-claudia-sheinbaum-pardo","tag-comunicacion-social-gobierno-de-guanajuato","tag-diego-sinhue-rodriguez","tag-el-guanajuatense-vip","tag-en-vivo","tag-guanajuato-gobierno-del-estado","tag-libia-dennise","tag-pan-guanajuato","tag-redes-sociales","tag-secretaria-de-bienestar","tag-ultima-hora","tag-ultimas-noticias","tag-ultimo-minuto"],"_links":{"self":[{"href":"https:\/\/elguanajuatense.vip\/index.php?rest_route=\/wp\/v2\/posts\/10433","targetHints":{"allow":["GET"]}}],"collection":[{"href":"https:\/\/elguanajuatense.vip\/index.php?rest_route=\/wp\/v2\/posts"}],"about":[{"href":"https:\/\/elguanajuatense.vip\/index.php?rest_route=\/wp\/v2\/types\/post"}],"author":[{"embeddable":true,"href":"https:\/\/elguanajuatense.vip\/index.php?rest_route=\/wp\/v2\/users\/7"}],"replies":[{"embeddable":true,"href":"https:\/\/elguanajuatense.vip\/index.php?rest_route=%2Fwp%2Fv2%2Fcomments&post=10433"}],"version-history":[{"count":1,"href":"https:\/\/elguanajuatense.vip\/index.php?rest_route=\/wp\/v2\/posts\/10433\/revisions"}],"predecessor-version":[{"id":10435,"href":"https:\/\/elguanajuatense.vip\/index.php?rest_route=\/wp\/v2\/posts\/10433\/revisions\/10435"}],"wp:featuredmedia":[{"embeddable":true,"href":"https:\/\/elguanajuatense.vip\/index.php?rest_route=\/wp\/v2\/media\/10434"}],"wp:attachment":[{"href":"https:\/\/elguanajuatense.vip\/index.php?rest_route=%2Fwp%2Fv2%2Fmedia&parent=10433"}],"wp:term":[{"taxonomy":"category","embeddable":true,"href":"https:\/\/elguanajuatense.vip\/index.php?rest_route=%2Fwp%2Fv2%2Fcategories&post=10433"},{"taxonomy":"post_tag","embeddable":true,"href":"https:\/\/elguanajuatense.vip\/index.php?rest_route=%2Fwp%2Fv2%2Ftags&post=10433"}],"curies":[{"name":"wp","href":"https:\/\/api.w.org\/{rel}","templated":true}]}}