{"id":10436,"date":"2026-01-28T20:19:21","date_gmt":"2026-01-29T02:19:21","guid":{"rendered":"https:\/\/elguanajuatense.vip\/?p=10436"},"modified":"2026-01-28T20:19:21","modified_gmt":"2026-01-29T02:19:21","slug":"guerrero-acapulco-impulsa-capacitacion-turistica-con-cursos-de-ingles-abelinalopezr","status":"publish","type":"post","link":"https:\/\/elguanajuatense.vip\/?p=10436","title":{"rendered":"Guerrero, Acapulco impulsa capacitaci\u00f3n tur\u00edstica con cursos de ingl\u00e9s \/ @AbelinaLopezR"},"content":{"rendered":"\n<p><strong>#Acapulco, #Gro.-&nbsp;<\/strong>Como parte de la&nbsp;<strong>capacitaci\u00f3n continua del personal<\/strong>, el&nbsp;<strong>Centro de Atenci\u00f3n y Protecci\u00f3n al Turista de Acapulco (CAPTA Acapulco)<\/strong>&nbsp;implementa de manera permanente acciones orientadas a fortalecer la calidad del servicio que se brinda a visitantes nacionales y extranjeros, destacando entre ellas la impartici\u00f3n de cursos de ingl\u00e9s dirigidos a su plantilla operativa, con el objetivo de mejorar la atenci\u00f3n, comunicaci\u00f3n y orientaci\u00f3n al turismo internacional que arriba al destino.<\/p>\n\n\n\n<p>Esta estrategia institucional responde a la creciente necesidad de ofrecer un servicio eficiente y profesional, acorde con los est\u00e1ndares que exige un destino tur\u00edstico de relevancia internacional como Acapulco, donde el dominio del idioma ingl\u00e9s representa una herramienta fundamental para&nbsp;<strong>optimizar la experiencia del visitante<\/strong>, facilitar la interacci\u00f3n directa y proyectar una imagen s\u00f3lida y confiable ante el turismo extranjero.<\/p>\n\n\n\n<p>De acuerdo con informaci\u00f3n oficial de&nbsp;<strong>CAPTA Acapulco<\/strong>, la capacitaci\u00f3n ling\u00fc\u00edstica forma parte de un programa integral de profesionalizaci\u00f3n que busca consolidar capacidades t\u00e9cnicas y humanas, bajo el principio de que&nbsp;<strong>\u201cla preparaci\u00f3n constante del personal es un factor determinante para garantizar un servicio tur\u00edstico seguro, eficiente y de calidad\u201d<\/strong>, alineado a las pol\u00edticas p\u00fablicas en materia de atenci\u00f3n al visitante.<\/p>\n\n\n\n<p>De manera complementaria, la dependencia inform\u00f3 que tambi\u00e9n se promueve la&nbsp;<strong>capacitaci\u00f3n de prestadores y operadores de servicios tur\u00edsticos<\/strong>, a trav\u00e9s de clases de ingl\u00e9s abiertas al p\u00fablico, con el prop\u00f3sito de ampliar el alcance de la formaci\u00f3n, elevar el nivel competitivo del sector y fomentar una cultura de atenci\u00f3n profesional e incluyente en toda la cadena de servicios tur\u00edsticos.<\/p>\n\n\n\n<p>Las actividades acad\u00e9micas se desarrollan en las instalaciones oficiales de la instituci\u00f3n, con contenidos pr\u00e1cticos orientados a la atenci\u00f3n directa al visitante y horarios accesibles, reafirmando con ello el compromiso de&nbsp;<strong>CAPTA Acapulco<\/strong>&nbsp;con la&nbsp;<strong>profesionalizaci\u00f3n del sector tur\u00edstico<\/strong>, el fortalecimiento del capital humano y la mejora continua de la imagen del destino.<\/p>\n\n\n\n<p><strong>#RevistaAlcaldesasMX &#8211;<\/strong> <a href=\"https:\/\/www.facebook.com\/ReAlcaldesasMX\/?__cft__%5b0%5d=AZWCUCopFg6uwR0bar1lA5XOJDPQGbidw7wMESZ9jhjdgQV18UtYzQs5AhW_9gKv6fQhGkof0nlpv0MZSyvZzAtfVQ-kGlKeGnKn1eftLPF_WZz9fv1hNrBXsDhp_akqGslhCB-zuNpCEIlXRqVKVrqMHVfqLWGFKazjuYuOAozwrbcMy0TfH-lcgDWV1GCIoPkxNjje6YZc-2SSWfdVSK2r&amp;__tn__=-UC%2CP-R\"><strong>Revista Alcaldesas MX<\/strong><\/a><\/p>\n","protected":false},"excerpt":{"rendered":"<p>#Acapulco, #Gro.-&nbsp;Como parte de la&nbsp;capacitaci\u00f3n continua del personal, el&nbsp;Centro de Atenci\u00f3n y Protecci\u00f3n al Turista de Acapulco (CAPTA Acapulco)&nbsp;implementa de<\/p>\n","protected":false},"author":7,"featured_media":10437,"comment_status":"open","ping_status":"open","sticky":false,"template":"","format":"standard","meta":{"colormag_page_container_layout":"default_layout","colormag_page_sidebar_layout":"default_layout","rop_custom_images_group":[],"rop_custom_messages_group":[],"rop_publish_now":"no","rop_publish_now_accounts":{"facebook_100397929117741_105998571690021":""},"rop_publish_now_history":[{"account":"facebook_100397929117741_105998571690021","service":"facebook","timestamp":1769653189,"status":"success"}],"rop_publish_now_status":"done","footnotes":""},"categories":[24],"tags":[111,109,37,31,45,42,30,33,38,39,40,41],"class_list":["post-10436","post","type-post","status-publish","format-standard","has-post-thumbnail","hentry","category-municipios-en-mexico","tag-abelina-lopez-rodriguez","tag-acapulco","tag-comunicacion-social-gobierno-de-guanajuato","tag-diego-sinhue-rodriguez","tag-el-guanajuatense-vip","tag-en-vivo","tag-guanajuato-gobierno-del-estado","tag-pan-guanajuato","tag-redes-sociales","tag-ultima-hora","tag-ultimas-noticias","tag-ultimo-minuto"],"_links":{"self":[{"href":"https:\/\/elguanajuatense.vip\/index.php?rest_route=\/wp\/v2\/posts\/10436","targetHints":{"allow":["GET"]}}],"collection":[{"href":"https:\/\/elguanajuatense.vip\/index.php?rest_route=\/wp\/v2\/posts"}],"about":[{"href":"https:\/\/elguanajuatense.vip\/index.php?rest_route=\/wp\/v2\/types\/post"}],"author":[{"embeddable":true,"href":"https:\/\/elguanajuatense.vip\/index.php?rest_route=\/wp\/v2\/users\/7"}],"replies":[{"embeddable":true,"href":"https:\/\/elguanajuatense.vip\/index.php?rest_route=%2Fwp%2Fv2%2Fcomments&post=10436"}],"version-history":[{"count":1,"href":"https:\/\/elguanajuatense.vip\/index.php?rest_route=\/wp\/v2\/posts\/10436\/revisions"}],"predecessor-version":[{"id":10438,"href":"https:\/\/elguanajuatense.vip\/index.php?rest_route=\/wp\/v2\/posts\/10436\/revisions\/10438"}],"wp:featuredmedia":[{"embeddable":true,"href":"https:\/\/elguanajuatense.vip\/index.php?rest_route=\/wp\/v2\/media\/10437"}],"wp:attachment":[{"href":"https:\/\/elguanajuatense.vip\/index.php?rest_route=%2Fwp%2Fv2%2Fmedia&parent=10436"}],"wp:term":[{"taxonomy":"category","embeddable":true,"href":"https:\/\/elguanajuatense.vip\/index.php?rest_route=%2Fwp%2Fv2%2Fcategories&post=10436"},{"taxonomy":"post_tag","embeddable":true,"href":"https:\/\/elguanajuatense.vip\/index.php?rest_route=%2Fwp%2Fv2%2Ftags&post=10436"}],"curies":[{"name":"wp","href":"https:\/\/api.w.org\/{rel}","templated":true}]}}