{"id":10440,"date":"2026-03-23T10:34:33","date_gmt":"2026-03-23T16:34:33","guid":{"rendered":"https:\/\/elguanajuatense.vip\/?p=10440"},"modified":"2026-03-23T13:16:18","modified_gmt":"2026-03-23T19:16:18","slug":"gobierno-de-salamanca-coordina-acciones-para-la-construccion-de-la-paz-jcesarprieto-gobsalamanca","status":"publish","type":"post","link":"https:\/\/elguanajuatense.vip\/?p=10440","title":{"rendered":"Gobierno de Salamanca coordina acciones para la construcci\u00f3n de la paz \/ @JCesarPrieto @GobSalamanca >>>"},"content":{"rendered":"\n<p><strong>#Salamanca, #Gto.- <\/strong>Con el objetivo de fortalecer las estrategias orientadas a la construcci\u00f3n de la paz, se llev\u00f3 a cabo la Primera Sesi\u00f3n Ordinaria de 2026 de la Comisi\u00f3n Municipal de Prevenci\u00f3n Social de la Violencia y la Delincuencia, en la que participaron servidores p\u00fablicos involucrados en diversas acciones de prevenci\u00f3n que se desarrollan de manera directa con ni\u00f1as, ni\u00f1os, adolescentes y j\u00f3venes.<\/p>\n\n\n\n<p>En este sentido, el presidente municipal, C\u00e9sar Prieto, ha enfatizado la importancia de fortalecer la participaci\u00f3n de la comunidad salmantina mediante la provisi\u00f3n de herramientas que permitan generar sinergias y trabajar de manera conjunta en la reconstrucci\u00f3n del tejido social, a trav\u00e9s de acciones con impacto positivo en el entorno social.<\/p>\n\n\n\n<p>Durante esta sesi\u00f3n, la comisi\u00f3n defini\u00f3 las acciones que se implementar\u00e1n en el presente periodo para sentar bases s\u00f3lidas que fomenten una convivencia saludable y la paz en el municipio. Entre estas acciones se contemplan actividades de expresi\u00f3n art\u00edstica como teatro gui\u00f1ol, muralismo y dibujo; foros y pl\u00e1ticas sobre cultura de la legalidad, cultura vial, autocuidado, autoprotecci\u00f3n y resoluci\u00f3n pac\u00edfica de conflictos; as\u00ed como torneos deportivos, talleres de rap y box, y ciclos de di\u00e1logo dirigidos a diversos sectores de la poblaci\u00f3n en colonias y comunidades con mayor vulnerabilidad.<\/p>\n\n\n\n<p>Asimismo, se brindan capacitaciones permanentes a servidores p\u00fablicos, personal docente, madres y padres de familia, comit\u00e9s vecinales y personal de empresas, con el prop\u00f3sito de fortalecer la prevenci\u00f3n, detecci\u00f3n e intervenci\u00f3n ante situaciones de riesgo y violencia en distintos \u00e1mbitos.<\/p>\n\n\n\n<p>La coordinaci\u00f3n interinstitucional y la participaci\u00f3n social contin\u00faan siendo pilares fundamentales para atender las causas de la violencia y promover una cultura de paz en el municipio.<\/p>\n\n\n\n<p>#ElGuanajuatenseVIP \u2013\u00a0<a href=\"https:\/\/www.facebook.com\/ElGuanajuatenseVIP\/\">El Guanajuatense VIP<\/a><\/p>\n","protected":false},"excerpt":{"rendered":"<p>#Salamanca, #Gto.- Con el objetivo de fortalecer las estrategias orientadas a la construcci\u00f3n de la paz, se llev\u00f3 a cabo<\/p>\n","protected":false},"author":7,"featured_media":10441,"comment_status":"open","ping_status":"open","sticky":false,"template":"","format":"standard","meta":{"colormag_page_container_layout":"default_layout","colormag_page_sidebar_layout":"default_layout","rop_custom_images_group":[],"rop_custom_messages_group":[],"rop_publish_now":"no","rop_publish_now_accounts":{"facebook_100397929117741_105998571690021":""},"rop_publish_now_history":[{"account":"facebook_100397929117741_105998571690021","service":"facebook","timestamp":1769736895,"status":"success"}],"rop_publish_now_status":"done","footnotes":""},"categories":[27],"tags":[85,37,31,45,42,30,33,38,175,39,40,41],"class_list":["post-10440","post","type-post","status-publish","format-standard","has-post-thumbnail","hentry","category-municipios-destacados","tag-cesar-prieto-gallardo","tag-comunicacion-social-gobierno-de-guanajuato","tag-diego-sinhue-rodriguez","tag-el-guanajuatense-vip","tag-en-vivo","tag-guanajuato-gobierno-del-estado","tag-pan-guanajuato","tag-redes-sociales","tag-salamanca","tag-ultima-hora","tag-ultimas-noticias","tag-ultimo-minuto"],"_links":{"self":[{"href":"https:\/\/elguanajuatense.vip\/index.php?rest_route=\/wp\/v2\/posts\/10440","targetHints":{"allow":["GET"]}}],"collection":[{"href":"https:\/\/elguanajuatense.vip\/index.php?rest_route=\/wp\/v2\/posts"}],"about":[{"href":"https:\/\/elguanajuatense.vip\/index.php?rest_route=\/wp\/v2\/types\/post"}],"author":[{"embeddable":true,"href":"https:\/\/elguanajuatense.vip\/index.php?rest_route=\/wp\/v2\/users\/7"}],"replies":[{"embeddable":true,"href":"https:\/\/elguanajuatense.vip\/index.php?rest_route=%2Fwp%2Fv2%2Fcomments&post=10440"}],"version-history":[{"count":2,"href":"https:\/\/elguanajuatense.vip\/index.php?rest_route=\/wp\/v2\/posts\/10440\/revisions"}],"predecessor-version":[{"id":10443,"href":"https:\/\/elguanajuatense.vip\/index.php?rest_route=\/wp\/v2\/posts\/10440\/revisions\/10443"}],"wp:featuredmedia":[{"embeddable":true,"href":"https:\/\/elguanajuatense.vip\/index.php?rest_route=\/wp\/v2\/media\/10441"}],"wp:attachment":[{"href":"https:\/\/elguanajuatense.vip\/index.php?rest_route=%2Fwp%2Fv2%2Fmedia&parent=10440"}],"wp:term":[{"taxonomy":"category","embeddable":true,"href":"https:\/\/elguanajuatense.vip\/index.php?rest_route=%2Fwp%2Fv2%2Fcategories&post=10440"},{"taxonomy":"post_tag","embeddable":true,"href":"https:\/\/elguanajuatense.vip\/index.php?rest_route=%2Fwp%2Fv2%2Ftags&post=10440"}],"curies":[{"name":"wp","href":"https:\/\/api.w.org\/{rel}","templated":true}]}}