{"id":10596,"date":"2026-09-01T21:32:48","date_gmt":"2026-09-02T03:32:48","guid":{"rendered":"https:\/\/elguanajuatense.vip\/?p=10596"},"modified":"2026-09-01T21:45:46","modified_gmt":"2026-09-02T03:45:46","slug":"operativos-coordinados-refuerzan-la-seguridad-en-leon-guanajuato-alegutierrez_mx-municipio_leon","status":"publish","type":"post","link":"https:\/\/elguanajuatense.vip\/?p=10596","title":{"rendered":"Operativos coordinados refuerzan la seguridad en Le\u00f3n, Guanajuato \/ @AleGutierrez_mx @municipio_leon >>>"},"content":{"rendered":"\n<p class=\"wp-block-paragraph\">(<strong>#SeguridadLe\u00f3n<\/strong>&nbsp;\u2013&nbsp;<strong>#Le\u00f3nSeguro<\/strong>) ***&nbsp;<strong>#Le\u00f3n, #Guanajuato.-<\/strong>&nbsp;#<strong>AlejandraGuti\u00e9rrez<\/strong>, reafirm\u00f3 hoy el compromiso municipal con la seguridad p\u00fablica y la coordinaci\u00f3n interinstitucional. La alcaldesa destac\u00f3 la prioridad de la prevenci\u00f3n y la presencia policial en las calles como ejes de su gesti\u00f3n. Anunci\u00f3 la continuidad de<strong>&nbsp;#Operativos<\/strong>&nbsp;focalizados para proteger a la ciudadan\u00eda y reducir la incidencia delictiva. Subray\u00f3 que la estrategia combina inteligencia,&nbsp;<strong>#Patrullaje<\/strong>&nbsp;y colaboraci\u00f3n con autoridades estatales y federales.<\/p>\n\n\n\n<p class=\"wp-block-paragraph\">Las acciones operativas desplegadas entre el 23 y el 29 de agosto arrojaron resultados relevantes para la seguridad local. Los dispositivos incluyeron revisiones en puntos estrat\u00e9gicos, controles viales y patrullajes de proximidad. La Polic\u00eda Municipal reforz\u00f3 la vigilancia con el objetivo de desarticular redes y proteger el espacio p\u00fablico.<\/p>\n\n\n\n<figure class=\"wp-block-image aligncenter is-resized\"><img decoding=\"async\" src=\"https:\/\/revistaalcaldesas.mx\/wp-content\/uploads\/2026\/09\/image-300x195.png\" alt=\"\" style=\"aspect-ratio:1.5384615384615385;width:300px;height:auto\"\/><\/figure>\n\n\n\n<p class=\"wp-block-paragraph\">Informes recientes de medios oficiales consignan que, como consecuencia de los operativos, fueron detenidas&nbsp;<strong>377<\/strong>&nbsp;personas por delitos,&nbsp;<strong>1,568<\/strong>&nbsp;por faltas administrativas y&nbsp;<strong>128<\/strong>&nbsp;por conducir en estado de ebriedad, cifras que reflejan la intensidad de las intervenciones supervisadas por&nbsp;<strong>Alejandra Guti\u00e9rrez<\/strong>. Las mismas fuentes se\u00f1alan que las autoridades mantendr\u00e1n patrullajes y operativos de inteligencia en distintos sectores de la ciudad. Se prev\u00e9n evaluaciones peri\u00f3dicas para medir el impacto y ajustar las t\u00e1cticas conforme a los resultados. La continuidad de las medidas se presenta como respuesta a la demanda ciudadana de mayor protecci\u00f3n.<\/p>\n\n\n\n<p class=\"wp-block-paragraph\">La administraci\u00f3n municipal asegur\u00f3 que los operativos proseguir\u00e1n con presencia sostenida en las calles y acciones preventivas complementarias. Se intensificar\u00e1 la colaboraci\u00f3n interinstitucional y la proximidad con la comunidad para consolidar la seguridad. El prop\u00f3sito declarado es restablecer la tranquilidad p\u00fablica y fortalecer la convivencia en todo Le\u00f3n.<\/p>\n\n\n\n<p class=\"wp-block-paragraph\">#ElGuanajuatenseVIP \u2013\u00a0<a href=\"https:\/\/www.facebook.com\/ElGuanajuatenseVIP\/\">El Guanajuatense VIP<\/a><\/p>\n\n\n\n<figure class=\"wp-block-image aligncenter size-large\"><img loading=\"lazy\" decoding=\"async\" width=\"1024\" height=\"683\" src=\"http:\/\/elguanajuatense.vip\/wp-content\/uploads\/2026\/09\/leon-1-sep-1024x683.jpg\" alt=\"\" class=\"wp-image-10597\" srcset=\"https:\/\/elguanajuatense.vip\/wp-content\/uploads\/2026\/09\/leon-1-sep-1024x683.jpg 1024w, https:\/\/elguanajuatense.vip\/wp-content\/uploads\/2026\/09\/leon-1-sep-300x200.jpg 300w, https:\/\/elguanajuatense.vip\/wp-content\/uploads\/2026\/09\/leon-1-sep-768x512.jpg 768w, https:\/\/elguanajuatense.vip\/wp-content\/uploads\/2026\/09\/leon-1-sep-1536x1025.jpg 1536w, https:\/\/elguanajuatense.vip\/wp-content\/uploads\/2026\/09\/leon-1-sep.jpg 2048w\" sizes=\"auto, (max-width: 1024px) 100vw, 1024px\" \/><\/figure>\n","protected":false},"excerpt":{"rendered":"<p>(#SeguridadLe\u00f3n&nbsp;\u2013&nbsp;#Le\u00f3nSeguro) ***&nbsp;#Le\u00f3n, #Guanajuato.-&nbsp;#AlejandraGuti\u00e9rrez, reafirm\u00f3 hoy el compromiso municipal con la seguridad p\u00fablica y la coordinaci\u00f3n interinstitucional. La alcaldesa destac\u00f3 la<\/p>\n","protected":false},"author":7,"featured_media":10597,"comment_status":"open","ping_status":"open","sticky":false,"template":"","format":"standard","meta":{"colormag_page_container_layout":"default_layout","colormag_page_sidebar_layout":"default_layout","rop_custom_images_group":[],"rop_custom_messages_group":[],"rop_publish_now":"no","rop_publish_now_accounts":{"facebook_100397929117741_105998571690021":""},"rop_publish_now_history":[{"account":"facebook_100397929117741_105998571690021","service":"facebook","timestamp":1788320026,"status":"success"}],"rop_publish_now_status":"done","footnotes":""},"categories":[28],"tags":[37,31,45,42,30,33,38,39,40],"class_list":["post-10596","post","type-post","status-publish","format-standard","has-post-thumbnail","hentry","category-alcaldesas","tag-comunicacion-social-gobierno-de-guanajuato","tag-diego-sinhue-rodriguez","tag-el-guanajuatense-vip","tag-en-vivo","tag-guanajuato-gobierno-del-estado","tag-pan-guanajuato","tag-redes-sociales","tag-ultima-hora","tag-ultimas-noticias"],"_links":{"self":[{"href":"https:\/\/elguanajuatense.vip\/index.php?rest_route=\/wp\/v2\/posts\/10596","targetHints":{"allow":["GET"]}}],"collection":[{"href":"https:\/\/elguanajuatense.vip\/index.php?rest_route=\/wp\/v2\/posts"}],"about":[{"href":"https:\/\/elguanajuatense.vip\/index.php?rest_route=\/wp\/v2\/types\/post"}],"author":[{"embeddable":true,"href":"https:\/\/elguanajuatense.vip\/index.php?rest_route=\/wp\/v2\/users\/7"}],"replies":[{"embeddable":true,"href":"https:\/\/elguanajuatense.vip\/index.php?rest_route=%2Fwp%2Fv2%2Fcomments&post=10596"}],"version-history":[{"count":1,"href":"https:\/\/elguanajuatense.vip\/index.php?rest_route=\/wp\/v2\/posts\/10596\/revisions"}],"predecessor-version":[{"id":10598,"href":"https:\/\/elguanajuatense.vip\/index.php?rest_route=\/wp\/v2\/posts\/10596\/revisions\/10598"}],"wp:featuredmedia":[{"embeddable":true,"href":"https:\/\/elguanajuatense.vip\/index.php?rest_route=\/wp\/v2\/media\/10597"}],"wp:attachment":[{"href":"https:\/\/elguanajuatense.vip\/index.php?rest_route=%2Fwp%2Fv2%2Fmedia&parent=10596"}],"wp:term":[{"taxonomy":"category","embeddable":true,"href":"https:\/\/elguanajuatense.vip\/index.php?rest_route=%2Fwp%2Fv2%2Fcategories&post=10596"},{"taxonomy":"post_tag","embeddable":true,"href":"https:\/\/elguanajuatense.vip\/index.php?rest_route=%2Fwp%2Fv2%2Ftags&post=10596"}],"curies":[{"name":"wp","href":"https:\/\/api.w.org\/{rel}","templated":true}]}}