{"id":10599,"date":"2026-09-01T21:39:28","date_gmt":"2026-09-02T03:39:28","guid":{"rendered":"https:\/\/elguanajuatense.vip\/?p=10599"},"modified":"2026-09-01T21:39:28","modified_gmt":"2026-09-02T03:39:28","slug":"guanajuato-prepara-a-sus-mipymes-para-conquistar-el-mercado-de-estados-unidos-gobiernogto","status":"publish","type":"post","link":"https:\/\/elguanajuatense.vip\/?p=10599","title":{"rendered":"Guanajuato prepara a sus MIPYMES para conquistar el mercado de Estados Unidos \/ @gobiernogto >>>"},"content":{"rendered":"\n<p class=\"wp-block-paragraph\"><strong>(#GuanajuatoExporta &#8211; #Desaf\u00edoPYME) *** #GobiernoDeGuanajuato.-  <\/strong>Ocho empresas guanajuatenses afinan su propuesta comercial para conquistar mercados internacionales en el marco del <strong>6.\u00ba Desaf\u00edo Empresarial PYME<\/strong>, iniciativa impulsada por #<strong>GuanajuatoSUMA<\/strong> y coordinada por #<strong>COFOCE<\/strong>; la meta inmediata es su participaci\u00f3n en el <strong>Miami Americas Food &amp; Beverage Show 2026<\/strong>, donde podr\u00e1n vincularse con compradores y distribuidores de alto impacto. La convocatoria busca fortalecer la capacidad comercial de las peque\u00f1as y medianas empresas, dotarlas de herramientas estrat\u00e9gicas y elevar la competitividad de los productos hechos en la entidad. El programa combina asesor\u00eda t\u00e9cnica, formaci\u00f3n en comercio exterior y ejercicios pr\u00e1cticos de presentaci\u00f3n comercial para optimizar la oferta exportable. La apuesta oficial es clara: preparar hoy a las MIPYMES para que generen m\u00e1s negocios y beneficien a las familias guanajuatenses.<\/p>\n\n\n\n<p class=\"wp-block-paragraph\">En el desarrollo del proceso, la Secretar\u00eda de Econom\u00eda estatal, representada por <strong>Claudia Cristina Villase\u00f1or Aguilar<\/strong>, y la Subsecretar\u00eda para el Desarrollo de las MIPYMES, encabezada por <strong>Fabricio Ibarra Rocha<\/strong>, han coordinado sesiones de mentor\u00eda, revisi\u00f3n de empaques y simulaciones de negociaci\u00f3n. Paralelamente, <strong>COFOCE<\/strong>, bajo la direcci\u00f3n de <strong>Luis Antonio Vargas Zavala<\/strong>, articula la estrategia <strong>Marca Guanajuato Internacional<\/strong> y el programa <strong>Exportar sin fronteras<\/strong> para facilitar el acceso a ferias y redes comerciales. Las empresas seleccionadas reciben retroalimentaci\u00f3n especializada para afinar su propuesta de valor y adaptarla a las exigencias del mercado estadounidense. El objetivo es que cada participante llegue a Miami con una oferta competitiva y la capacidad comercial para cerrar acuerdos.<\/p>\n\n\n\n<figure class=\"wp-block-image aligncenter size-medium\"><img loading=\"lazy\" decoding=\"async\" width=\"300\" height=\"200\" src=\"https:\/\/elguanajuatense.vip\/wp-content\/uploads\/2026\/09\/image-300x200.png\" alt=\"\" class=\"wp-image-10600\" srcset=\"https:\/\/elguanajuatense.vip\/wp-content\/uploads\/2026\/09\/image-300x200.png 300w, https:\/\/elguanajuatense.vip\/wp-content\/uploads\/2026\/09\/image-768x512.png 768w, https:\/\/elguanajuatense.vip\/wp-content\/uploads\/2026\/09\/image-600x400.png 600w, https:\/\/elguanajuatense.vip\/wp-content\/uploads\/2026\/09\/image.png 1024w\" sizes=\"auto, (max-width: 300px) 100vw, 300px\" \/><\/figure>\n\n\n\n<p class=\"wp-block-paragraph\">Medios oficiales han reportado que la iniciativa ha mostrado avances concretos en la profesionalizaci\u00f3n de las MIPYMES y que se prev\u00e9 un incremento en las oportunidades de exportaci\u00f3n tras la participaci\u00f3n en ferias internacionales; en ese contexto, <strong>Fabricio Ibarra Rocha<\/strong> destac\u00f3 la importancia de que las empresas lleguen \u201cmejor preparadas\u201d a escenarios globales. Las mismas comunicaciones se\u00f1alan que la evoluci\u00f3n de <strong>Marca Guanajuato<\/strong> hacia <strong>Marca Guanajuato Internacional<\/strong> permitir\u00e1 proyectar la identidad y calidad de los productos locales en nuevos mercados. Se informa, adem\u00e1s, que se asignar\u00e1n apoyos log\u00edsticos y capacitaci\u00f3n continua para acompa\u00f1ar la internacionalizaci\u00f3n de las firmas seleccionadas. Ese seguimiento institucional busca traducir la preparaci\u00f3n t\u00e9cnica en resultados comerciales sostenibles para el estado.<\/p>\n\n\n\n<p class=\"wp-block-paragraph\">La convocatoria y los apoyos anunciados confirman la intenci\u00f3n de consolidar una ruta de internacionalizaci\u00f3n para las MIPYMES guanajuatenses. Las autoridades reiteraron su compromiso de acompa\u00f1ar a las empresas en cada etapa del proceso y de promover la proyecci\u00f3n internacional de los productos locales. La expectativa es que la participaci\u00f3n en el <strong>Miami Americas Food &amp; Beverage Show 2026<\/strong> abra puertas comerciales duraderas para las <strong>8 empresas<\/strong> seleccionadas.<\/p>\n\n\n\n<p class=\"wp-block-paragraph\">#ElGuanajuatenseVIP \u2013 El Guanajuatense VIP<\/p>\n\n\n\n<figure class=\"wp-block-image aligncenter size-large\"><img loading=\"lazy\" decoding=\"async\" width=\"1024\" height=\"682\" src=\"http:\/\/elguanajuatense.vip\/wp-content\/uploads\/2026\/09\/guana-prin-1-1024x682.jpeg\" alt=\"\" class=\"wp-image-10601\"\/><\/figure>\n","protected":false},"excerpt":{"rendered":"<p>(#GuanajuatoExporta &#8211; #Desaf\u00edoPYME) *** #GobiernoDeGuanajuato.- Ocho empresas guanajuatenses afinan su propuesta comercial para conquistar mercados internacionales en el marco del<\/p>\n","protected":false},"author":7,"featured_media":10601,"comment_status":"open","ping_status":"open","sticky":false,"template":"","format":"standard","meta":{"colormag_page_container_layout":"default_layout","colormag_page_sidebar_layout":"default_layout","rop_custom_images_group":[],"rop_custom_messages_group":[],"rop_publish_now":"no","rop_publish_now_accounts":{"facebook_100397929117741_105998571690021":""},"rop_publish_now_history":[{"account":"facebook_100397929117741_105998571690021","service":"facebook","timestamp":1788320388,"status":"success"}],"rop_publish_now_status":"done","footnotes":""},"categories":[7],"tags":[37,45,42,30,33,38,39,40,41],"class_list":["post-10599","post","type-post","status-publish","format-standard","has-post-thumbnail","hentry","category-principales","tag-comunicacion-social-gobierno-de-guanajuato","tag-el-guanajuatense-vip","tag-en-vivo","tag-guanajuato-gobierno-del-estado","tag-pan-guanajuato","tag-redes-sociales","tag-ultima-hora","tag-ultimas-noticias","tag-ultimo-minuto"],"_links":{"self":[{"href":"https:\/\/elguanajuatense.vip\/index.php?rest_route=\/wp\/v2\/posts\/10599","targetHints":{"allow":["GET"]}}],"collection":[{"href":"https:\/\/elguanajuatense.vip\/index.php?rest_route=\/wp\/v2\/posts"}],"about":[{"href":"https:\/\/elguanajuatense.vip\/index.php?rest_route=\/wp\/v2\/types\/post"}],"author":[{"embeddable":true,"href":"https:\/\/elguanajuatense.vip\/index.php?rest_route=\/wp\/v2\/users\/7"}],"replies":[{"embeddable":true,"href":"https:\/\/elguanajuatense.vip\/index.php?rest_route=%2Fwp%2Fv2%2Fcomments&post=10599"}],"version-history":[{"count":1,"href":"https:\/\/elguanajuatense.vip\/index.php?rest_route=\/wp\/v2\/posts\/10599\/revisions"}],"predecessor-version":[{"id":10602,"href":"https:\/\/elguanajuatense.vip\/index.php?rest_route=\/wp\/v2\/posts\/10599\/revisions\/10602"}],"wp:featuredmedia":[{"embeddable":true,"href":"https:\/\/elguanajuatense.vip\/index.php?rest_route=\/wp\/v2\/media\/10601"}],"wp:attachment":[{"href":"https:\/\/elguanajuatense.vip\/index.php?rest_route=%2Fwp%2Fv2%2Fmedia&parent=10599"}],"wp:term":[{"taxonomy":"category","embeddable":true,"href":"https:\/\/elguanajuatense.vip\/index.php?rest_route=%2Fwp%2Fv2%2Fcategories&post=10599"},{"taxonomy":"post_tag","embeddable":true,"href":"https:\/\/elguanajuatense.vip\/index.php?rest_route=%2Fwp%2Fv2%2Ftags&post=10599"}],"curies":[{"name":"wp","href":"https:\/\/api.w.org\/{rel}","templated":true}]}}