{"id":10603,"date":"2026-09-01T21:42:46","date_gmt":"2026-09-02T03:42:46","guid":{"rendered":"https:\/\/elguanajuatense.vip\/?p=10603"},"modified":"2026-09-01T21:42:46","modified_gmt":"2026-09-02T03:42:46","slug":"irapuato-guanajuato-arranque-del-ciclo-escolar-2026-2027-refuerza-compromiso-municipal-con-la-educacion-lorenaalfarog-irapuatogob","status":"publish","type":"post","link":"https:\/\/elguanajuatense.vip\/?p=10603","title":{"rendered":"Irapuato, Guanajuato; Arranque del ciclo escolar 2026-2027 refuerza compromiso municipal con la educaci\u00f3n \/ @LorenaAlfaroG @irapuatogob >>>"},"content":{"rendered":"\n<p class=\"wp-block-paragraph\"><strong>(#InicioDeClases #Educaci\u00f3nParaTodos) *** #Irapuato, #Guanajuato.-&nbsp;<\/strong>Con la presencia de autoridades municipales, se celebr\u00f3 el&nbsp;<strong>arranque del ciclo escolar 2026-2027<\/strong>&nbsp;en la #<strong>EscuelaPrimariaOctavioPaz<\/strong>, acto que marc\u00f3 el inicio formal de actividades acad\u00e9micas y la reafirmaci\u00f3n del compromiso con la formaci\u00f3n integral de la infancia. En el acto se realizaron #<strong>Honores a la bandera<\/strong>&nbsp;como gesto de fortalecimiento de los valores c\u00edvicos y del respeto a los s\u00edmbolos patrios, en un ambiente de solemnidad y esperanza. La ceremonia sirvi\u00f3 para visibilizar la prioridad que la administraci\u00f3n local otorga a la&nbsp;<strong>educaci\u00f3n<\/strong>&nbsp;como motor del desarrollo comunitario. La alcaldesa #<strong>LorenaAlfaroGarc\u00eda<\/strong>&nbsp;envi\u00f3 un mensaje institucional de respaldo a la comunidad escolar y a las familias.<\/p>\n\n\n\n<p class=\"wp-block-paragraph\">En representaci\u00f3n de la presidenta municipal, asisti\u00f3 el secretario del Ayuntamiento,&nbsp;<strong>Rodolfo G\u00f3mez Cervantes<\/strong>, quien destac\u00f3 la educaci\u00f3n como una de las principales apuestas para construir un presente y un futuro pr\u00f3speros. Durante su intervenci\u00f3n, se anunciaron acciones orientadas a mejorar la infraestructura escolar, fortalecer la capacitaci\u00f3n docente y ampliar programas de apoyo a la permanencia estudiantil. Autoridades educativas y representantes del Gobierno del Estado acompa\u00f1aron la jornada, lo que permiti\u00f3 coordinar esfuerzos y calendarizar seguimientos t\u00e9cnicos. La comunidad escolar particip\u00f3 activamente en la organizaci\u00f3n del evento, mostrando inter\u00e9s por las iniciativas de mejora.<\/p>\n\n\n\n<figure class=\"wp-block-image aligncenter is-resized\"><img decoding=\"async\" src=\"https:\/\/revistaalcaldesas.mx\/wp-content\/uploads\/2026\/09\/image-1-300x200.png\" alt=\"\" style=\"aspect-ratio:1.5;width:300px;height:auto\"\/><\/figure>\n\n\n\n<p class=\"wp-block-paragraph\">Informes recientes de medios oficiales se\u00f1alan un incremento en la matr\u00edcula y la entrega de materiales did\u00e1cticos en diversas escuelas de la regi\u00f3n, datos que refuerzan la necesidad de mantener programas de acompa\u00f1amiento y evaluaci\u00f3n continua; en ese marco,&nbsp;<strong>Rodolfo G\u00f3mez Cervantes<\/strong>&nbsp;subray\u00f3 la importancia de la supervisi\u00f3n permanente en la&nbsp;<strong>Escuela Primaria Octavio Paz<\/strong>. Las mismas comunicaciones indican que se prev\u00e9n recursos adicionales para mantenimiento y actividades extracurriculares, medidas que buscan consolidar la calidad educativa. Esa continuidad administrativa, seg\u00fan los reportes, responde a demandas locales y a la voluntad de articular pol\u00edticas p\u00fablicas con la comunidad. En su mensaje,&nbsp;<strong>G\u00f3mez Cervantes<\/strong>&nbsp;record\u00f3 que&nbsp;<strong>\u00abcada ni\u00f1a y ni\u00f1o tiene la posibilidad de construir su propia historia\u00bb<\/strong>, invitaci\u00f3n a so\u00f1ar y a trabajar por metas concretas.<\/p>\n\n\n\n<p class=\"wp-block-paragraph\">La jornada concluy\u00f3 con el compromiso de reforzar la colaboraci\u00f3n entre autoridades, docentes y familias para garantizar el \u00e9xito escolar. Se anunci\u00f3 la programaci\u00f3n de visitas de seguimiento y la implementaci\u00f3n de talleres de apoyo para estudiantes y padres de familia. El prop\u00f3sito declarado es consolidar un entorno educativo seguro y estimulante que permita a las nuevas generaciones desarrollar todo su potencial.<\/p>\n\n\n\n<p class=\"wp-block-paragraph\">#ElGuanajuatenseVIP \u2013 El Guanajuatense VIP<\/p>\n\n\n\n<figure class=\"wp-block-image aligncenter size-large\"><img loading=\"lazy\" decoding=\"async\" width=\"1024\" height=\"512\" src=\"http:\/\/elguanajuatense.vip\/wp-content\/uploads\/2026\/09\/ira-1-1024x512.jpg\" alt=\"\" class=\"wp-image-10604\"\/><\/figure>\n","protected":false},"excerpt":{"rendered":"<p>(#InicioDeClases #Educaci\u00f3nParaTodos) *** #Irapuato, #Guanajuato.-&nbsp;Con la presencia de autoridades municipales, se celebr\u00f3 el&nbsp;arranque del ciclo escolar 2026-2027&nbsp;en la #EscuelaPrimariaOctavioPaz, acto<\/p>\n","protected":false},"author":7,"featured_media":10604,"comment_status":"open","ping_status":"open","sticky":false,"template":"","format":"standard","meta":{"colormag_page_container_layout":"default_layout","colormag_page_sidebar_layout":"default_layout","rop_custom_images_group":[],"rop_custom_messages_group":[],"rop_publish_now":"no","rop_publish_now_accounts":{"facebook_100397929117741_105998571690021":""},"rop_publish_now_history":[{"account":"facebook_100397929117741_105998571690021","service":"facebook","timestamp":1788320588,"status":"success"}],"rop_publish_now_status":"done","footnotes":""},"categories":[28],"tags":[37,45,42,30,58,57,33,38,39,40,41],"class_list":["post-10603","post","type-post","status-publish","format-standard","has-post-thumbnail","hentry","category-alcaldesas","tag-comunicacion-social-gobierno-de-guanajuato","tag-el-guanajuatense-vip","tag-en-vivo","tag-guanajuato-gobierno-del-estado","tag-irapuato","tag-lorena-alfaro-garcia","tag-pan-guanajuato","tag-redes-sociales","tag-ultima-hora","tag-ultimas-noticias","tag-ultimo-minuto"],"_links":{"self":[{"href":"https:\/\/elguanajuatense.vip\/index.php?rest_route=\/wp\/v2\/posts\/10603","targetHints":{"allow":["GET"]}}],"collection":[{"href":"https:\/\/elguanajuatense.vip\/index.php?rest_route=\/wp\/v2\/posts"}],"about":[{"href":"https:\/\/elguanajuatense.vip\/index.php?rest_route=\/wp\/v2\/types\/post"}],"author":[{"embeddable":true,"href":"https:\/\/elguanajuatense.vip\/index.php?rest_route=\/wp\/v2\/users\/7"}],"replies":[{"embeddable":true,"href":"https:\/\/elguanajuatense.vip\/index.php?rest_route=%2Fwp%2Fv2%2Fcomments&post=10603"}],"version-history":[{"count":1,"href":"https:\/\/elguanajuatense.vip\/index.php?rest_route=\/wp\/v2\/posts\/10603\/revisions"}],"predecessor-version":[{"id":10605,"href":"https:\/\/elguanajuatense.vip\/index.php?rest_route=\/wp\/v2\/posts\/10603\/revisions\/10605"}],"wp:featuredmedia":[{"embeddable":true,"href":"https:\/\/elguanajuatense.vip\/index.php?rest_route=\/wp\/v2\/media\/10604"}],"wp:attachment":[{"href":"https:\/\/elguanajuatense.vip\/index.php?rest_route=%2Fwp%2Fv2%2Fmedia&parent=10603"}],"wp:term":[{"taxonomy":"category","embeddable":true,"href":"https:\/\/elguanajuatense.vip\/index.php?rest_route=%2Fwp%2Fv2%2Fcategories&post=10603"},{"taxonomy":"post_tag","embeddable":true,"href":"https:\/\/elguanajuatense.vip\/index.php?rest_route=%2Fwp%2Fv2%2Ftags&post=10603"}],"curies":[{"name":"wp","href":"https:\/\/api.w.org\/{rel}","templated":true}]}}