{"id":10606,"date":"2026-09-01T21:45:09","date_gmt":"2026-09-02T03:45:09","guid":{"rendered":"https:\/\/elguanajuatense.vip\/?p=10606"},"modified":"2026-09-01T21:45:09","modified_gmt":"2026-09-02T03:45:09","slug":"guanajuato-capital-samantha-smith-encabeza-la-bienvenida-al-nuevo-ciclo-escolar-samanthasmx-guanajuatogob","status":"publish","type":"post","link":"https:\/\/elguanajuatense.vip\/?p=10606","title":{"rendered":"Guanajuato Capital; Samantha Smith encabeza la bienvenida al nuevo ciclo escolar \/ \u00a0@Samanthasmx @GuanajuatoGob >>>"},"content":{"rendered":"\n<p class=\"wp-block-paragraph\"><strong>(#RegresoAClases #GuanajuatoEducado) *** #Guanajuato, #Guanajuato.-<\/strong>&nbsp;La alcaldesa&nbsp;<strong>Samantha Smith<\/strong>&nbsp;encabez\u00f3 hoy el&nbsp;<strong>arranque del ciclo escolar 2026\u20112027<\/strong>&nbsp;en&nbsp;<strong>Guanajuato Capital<\/strong>, donde miles de ni\u00f1as y ni\u00f1os retornaron a las aulas entre saludos, m\u00fasica y actos c\u00edvicos;&nbsp;<strong>\u00ab\u00a1Feliz regreso a clases!\u00bb<\/strong>&nbsp;fue la consigna que marc\u00f3 el inicio de la jornada. El acto, celebrado en diversos planteles de la ciudad, puso de relieve la prioridad municipal por garantizar condiciones seguras y propicias para el aprendizaje. La autoridad municipal dirigi\u00f3 un mensaje de aliento a las familias y al personal docente, subrayando la corresponsabilidad en la educaci\u00f3n. Se insisti\u00f3 en la importancia del respeto a los s\u00edmbolos patrios y en la formaci\u00f3n de valores c\u00edvicos desde la primera infancia.<\/p>\n\n\n\n<p class=\"wp-block-paragraph\">En el desarrollo de la jornada, equipos municipales recorrieron escuelas para verificar infraestructura, servicios b\u00e1sicos y rutas de acceso, y se coordin\u00f3 la entrega de materiales de apoyo donde fue necesario. Docentes y directivos organizaron actividades de bienvenida y orientaron a las familias sobre protocolos escolares y medidas de convivencia. La administraci\u00f3n local reiter\u00f3 su compromiso con la continuidad pedag\u00f3gica y anunci\u00f3 pr\u00f3ximas acciones para fortalecer la oferta extracurricular. Asimismo, se hizo un llamado a la prudencia vial: conductores y peatones deben extremar precauciones en las zonas escolares.<\/p>\n\n\n\n<figure class=\"wp-block-image aligncenter is-resized\"><img decoding=\"async\" src=\"https:\/\/revistaalcaldesas.mx\/wp-content\/uploads\/2026\/09\/image-2-300x239.png\" alt=\"\" style=\"aspect-ratio:1.2552301255230125;width:300px;height:auto\"\/><\/figure>\n\n\n\n<p class=\"wp-block-paragraph\">Medios oficiales han reportado un aumento en la asistencia durante los primeros d\u00edas de clases y la activaci\u00f3n de programas de apoyo a la permanencia estudiantil, informaci\u00f3n que sit\u00faa a&nbsp;<strong>Samantha Smith<\/strong>&nbsp;y a la administraci\u00f3n municipal en el centro de las acciones de acompa\u00f1amiento; adem\u00e1s, se indica que se intensificar\u00e1n campa\u00f1as de seguridad vial y jornadas de mantenimiento en planteles. Las comunicaciones oficiales se\u00f1alan que se programar\u00e1n visitas de seguimiento y evaluaciones t\u00e9cnicas para asegurar la calidad de los espacios educativos. Esa continuidad administrativa, seg\u00fan los reportes, responde a la demanda de las familias y a la necesidad de consolidar condiciones de aprendizaje. El balance inicial apunta a un retorno ordenado y con expectativas de mejora sostenida.<\/p>\n\n\n\n<p class=\"wp-block-paragraph\">La comunidad educativa celebr\u00f3 el reencuentro y pidi\u00f3 mantener la vigilancia y el apoyo cotidiano para garantizar un ciclo exitoso. La autoridad municipal convoc\u00f3 a madres, padres y cuidadores a participar activamente en la vida escolar y a respetar las zonas de seguridad vial. El prop\u00f3sito declarado es que este ciclo sea una oportunidad de crecimiento, aprendizaje y protecci\u00f3n para todas las familias.<\/p>\n\n\n\n<p class=\"wp-block-paragraph\">#ElGuanajuatenseVIP \u2013 El Guanajuatense VIP<\/p>\n\n\n\n<figure class=\"wp-block-image aligncenter size-large\"><img loading=\"lazy\" decoding=\"async\" width=\"1024\" height=\"681\" src=\"http:\/\/elguanajuatense.vip\/wp-content\/uploads\/2026\/09\/guana-capi-1-1024x681.jpg\" alt=\"\" class=\"wp-image-10607\" srcset=\"https:\/\/elguanajuatense.vip\/wp-content\/uploads\/2026\/09\/guana-capi-1-1024x681.jpg 1024w, https:\/\/elguanajuatense.vip\/wp-content\/uploads\/2026\/09\/guana-capi-1-300x199.jpg 300w, https:\/\/elguanajuatense.vip\/wp-content\/uploads\/2026\/09\/guana-capi-1-768x511.jpg 768w, https:\/\/elguanajuatense.vip\/wp-content\/uploads\/2026\/09\/guana-capi-1.jpg 1280w\" sizes=\"auto, (max-width: 1024px) 100vw, 1024px\" \/><\/figure>\n","protected":false},"excerpt":{"rendered":"<p>(#RegresoAClases #GuanajuatoEducado) *** #Guanajuato, #Guanajuato.-&nbsp;La alcaldesa&nbsp;Samantha Smith&nbsp;encabez\u00f3 hoy el&nbsp;arranque del ciclo escolar 2026\u20112027&nbsp;en&nbsp;Guanajuato Capital, donde miles de ni\u00f1as y ni\u00f1os<\/p>\n","protected":false},"author":7,"featured_media":10607,"comment_status":"open","ping_status":"open","sticky":false,"template":"","format":"standard","meta":{"colormag_page_container_layout":"default_layout","colormag_page_sidebar_layout":"default_layout","rop_custom_images_group":[],"rop_custom_messages_group":[],"rop_publish_now":"no","rop_publish_now_accounts":{"facebook_100397929117741_105998571690021":""},"rop_publish_now_history":[{"account":"facebook_100397929117741_105998571690021","service":"facebook","timestamp":1788320729,"status":"success"}],"rop_publish_now_status":"done","footnotes":""},"categories":[27],"tags":[37,45,42,30,33,38,115,191,192,190,165,39,40,41],"class_list":["post-10606","post","type-post","status-publish","format-standard","has-post-thumbnail","hentry","category-municipios-destacados","tag-comunicacion-social-gobierno-de-guanajuato","tag-el-guanajuatense-vip","tag-en-vivo","tag-guanajuato-gobierno-del-estado","tag-pan-guanajuato","tag-redes-sociales","tag-samantha-smith-gutierrez","tag-secretara-de-salud","tag-secretaria-de-bienestar","tag-secretaria-de-comunicaciones-y-transportes","tag-secretaria-del-medio-ambiente","tag-ultima-hora","tag-ultimas-noticias","tag-ultimo-minuto"],"_links":{"self":[{"href":"https:\/\/elguanajuatense.vip\/index.php?rest_route=\/wp\/v2\/posts\/10606","targetHints":{"allow":["GET"]}}],"collection":[{"href":"https:\/\/elguanajuatense.vip\/index.php?rest_route=\/wp\/v2\/posts"}],"about":[{"href":"https:\/\/elguanajuatense.vip\/index.php?rest_route=\/wp\/v2\/types\/post"}],"author":[{"embeddable":true,"href":"https:\/\/elguanajuatense.vip\/index.php?rest_route=\/wp\/v2\/users\/7"}],"replies":[{"embeddable":true,"href":"https:\/\/elguanajuatense.vip\/index.php?rest_route=%2Fwp%2Fv2%2Fcomments&post=10606"}],"version-history":[{"count":1,"href":"https:\/\/elguanajuatense.vip\/index.php?rest_route=\/wp\/v2\/posts\/10606\/revisions"}],"predecessor-version":[{"id":10608,"href":"https:\/\/elguanajuatense.vip\/index.php?rest_route=\/wp\/v2\/posts\/10606\/revisions\/10608"}],"wp:featuredmedia":[{"embeddable":true,"href":"https:\/\/elguanajuatense.vip\/index.php?rest_route=\/wp\/v2\/media\/10607"}],"wp:attachment":[{"href":"https:\/\/elguanajuatense.vip\/index.php?rest_route=%2Fwp%2Fv2%2Fmedia&parent=10606"}],"wp:term":[{"taxonomy":"category","embeddable":true,"href":"https:\/\/elguanajuatense.vip\/index.php?rest_route=%2Fwp%2Fv2%2Fcategories&post=10606"},{"taxonomy":"post_tag","embeddable":true,"href":"https:\/\/elguanajuatense.vip\/index.php?rest_route=%2Fwp%2Fv2%2Ftags&post=10606"}],"curies":[{"name":"wp","href":"https:\/\/api.w.org\/{rel}","templated":true}]}}