{"id":10609,"date":"2026-09-01T21:51:32","date_gmt":"2026-09-02T03:51:32","guid":{"rendered":"https:\/\/elguanajuatense.vip\/?p=10609"},"modified":"2026-09-01T21:51:40","modified_gmt":"2026-09-02T03:51:40","slug":"guanajuato-inaugura-laboratorio-de-electromovilidad-en-el-tecnm-sur-gobiernogto","status":"publish","type":"post","link":"https:\/\/elguanajuatense.vip\/?p=10609","title":{"rendered":"Guanajuato inaugura laboratorio de electro movilidad en el TecNM Sur \/ @gobiernogto >>>"},"content":{"rendered":"\n<p class=\"wp-block-paragraph\"><strong>(#ElectromovilidadGTO #ITSURInnova) *** #Secretarias.-<\/strong>  El <strong>Mtro. Eugenio Estrella Ortega<\/strong> inaugur\u00f3 el <strong>Laboratorio de Electromovilidad<\/strong> del Instituto Tecnol\u00f3gico Superior del Sur de Guanajuato, un espacio concebido para formar profesionales con competencias de vanguardia y para impulsar la investigaci\u00f3n y la transferencia tecnol\u00f3gica; la obra, financiada mediante <strong>PROEXES<\/strong>, implic\u00f3 una inversi\u00f3n de <strong>$2,020,205.25<\/strong>. La nueva infraestructura, \u00fanica en su tipo en la entidad, ofrece m\u00f3dulos especializados que responden a las demandas de la transici\u00f3n energ\u00e9tica y a la modernizaci\u00f3n de la industria automotriz. El acto inaugural reuni\u00f3 a autoridades educativas y representantes institucionales, quienes destacaron la relevancia del proyecto para la regi\u00f3n sur del estado. La puesta en marcha del laboratorio simboliza un paso decidido hacia la consolidaci\u00f3n de capacidades t\u00e9cnicas locales.<\/p>\n\n\n\n<p class=\"wp-block-paragraph\">El equipamiento instalado incluye plataformas para entrenamiento de <strong>motores s\u00edncronos de imanes permanentes<\/strong>, operaci\u00f3n anat\u00f3mica de <strong>motores as\u00edncronos de CA<\/strong>, formaci\u00f3n de <strong>controladores de motores<\/strong>, sistemas de gesti\u00f3n de <strong>bater\u00edas<\/strong> y entrenamiento para <strong>veh\u00edculos el\u00e9ctricos completos<\/strong>, lo que permitir\u00e1 pr\u00e1cticas integrales y especializadas. Estas herramientas facilitan la articulaci\u00f3n entre la docencia, la investigaci\u00f3n aplicada y la vinculaci\u00f3n productiva, favoreciendo la empleabilidad y el emprendimiento tecnol\u00f3gico. El proyecto se integra al eje transversal de <strong>Innovaci\u00f3n Tecnol\u00f3gica y Digitalizaci\u00f3n<\/strong>, con el prop\u00f3sito de cerrar brechas de conectividad y rezago en la formaci\u00f3n t\u00e9cnica. Adem\u00e1s, el laboratorio abrir\u00e1 sus puertas a estudiantes de educaci\u00f3n media superior de la regi\u00f3n para fortalecer trayectorias educativas tempranas.<\/p>\n\n\n\n<figure class=\"wp-block-image aligncenter size-medium\"><img loading=\"lazy\" decoding=\"async\" width=\"300\" height=\"200\" src=\"https:\/\/elguanajuatense.vip\/wp-content\/uploads\/2026\/09\/image-1-300x200.png\" alt=\"\" class=\"wp-image-10610\" srcset=\"https:\/\/elguanajuatense.vip\/wp-content\/uploads\/2026\/09\/image-1-300x200.png 300w, https:\/\/elguanajuatense.vip\/wp-content\/uploads\/2026\/09\/image-1-768x512.png 768w, https:\/\/elguanajuatense.vip\/wp-content\/uploads\/2026\/09\/image-1-600x400.png 600w, https:\/\/elguanajuatense.vip\/wp-content\/uploads\/2026\/09\/image-1.png 1024w\" sizes=\"auto, (max-width: 300px) 100vw, 300px\" \/><\/figure>\n\n\n\n<p class=\"wp-block-paragraph\">Informes recientes de medios oficiales se\u00f1alan avances en la profesionalizaci\u00f3n de la oferta educativa y en la ampliaci\u00f3n de oportunidades para la juventud regional; en ese marco, el director del ITSUR, <strong>Mtro. Eugenio Estrella Ortega<\/strong>, subray\u00f3 que la iniciativa responde al Eje Estrat\u00e9gico <strong>\u201cGuanajuato es Vocaci\u00f3n\u201d<\/strong> y a la evoluci\u00f3n de pol\u00edticas que vinculan formaci\u00f3n y vocaciones productivas. Las comunicaciones oficiales indican que el laboratorio optimizar\u00e1 la formaci\u00f3n del <strong>65%<\/strong> de la matr\u00edcula del ITSUR y que se prev\u00e9 la implementaci\u00f3n de programas de acompa\u00f1amiento y vinculaci\u00f3n con la industria. Se informa, asimismo, que la iniciativa se enmarca en el Modelo Educativo del TecNM \u2014<strong>\u00abHumanismo para la Justicia Social\u00bb<\/strong>\u2014 y en estrategias estatales orientadas a la transici\u00f3n energ\u00e9tica sostenible. Ese seguimiento institucional busca traducir la inversi\u00f3n y el equipamiento en resultados concretos de innovaci\u00f3n y desarrollo regional.<\/p>\n\n\n\n<p class=\"wp-block-paragraph\">La apertura del laboratorio reafirma el compromiso de la Secretar\u00eda de Educaci\u00f3n y del ITSUR con la calidad formativa y la competitividad tecnol\u00f3gica. Las autoridades anunciaron programas de capacitaci\u00f3n continua y esquemas de colaboraci\u00f3n con empresas para facilitar la inserci\u00f3n laboral de egresados. El objetivo declarado es consolidar un ecosistema educativo-productivo que genere oportunidades reales para las familias del sur de Guanajuato.<\/p>\n\n\n\n<p class=\"wp-block-paragraph\">#ElGuanajuatenseVIP \u2013 El Guanajuatense VIP<\/p>\n\n\n\n<figure class=\"wp-block-image aligncenter size-full\"><img loading=\"lazy\" decoding=\"async\" width=\"650\" height=\"433\" src=\"http:\/\/elguanajuatense.vip\/wp-content\/uploads\/2026\/09\/secre-guana-1-e1788321049578.jpg\" alt=\"\" class=\"wp-image-10611\"\/><\/figure>\n","protected":false},"excerpt":{"rendered":"<p>(#ElectromovilidadGTO #ITSURInnova) *** #Secretarias.- El Mtro. Eugenio Estrella Ortega inaugur\u00f3 el Laboratorio de Electromovilidad del Instituto Tecnol\u00f3gico Superior del Sur<\/p>\n","protected":false},"author":7,"featured_media":10611,"comment_status":"open","ping_status":"open","sticky":false,"template":"","format":"standard","meta":{"colormag_page_container_layout":"default_layout","colormag_page_sidebar_layout":"default_layout","rop_custom_images_group":[],"rop_custom_messages_group":[],"rop_publish_now":"no","rop_publish_now_accounts":{"facebook_100397929117741_105998571690021":""},"rop_publish_now_history":[{"account":"facebook_100397929117741_105998571690021","service":"facebook","timestamp":1788321109,"status":"success"}],"rop_publish_now_status":"done","footnotes":""},"categories":[23],"tags":[37,42,30,33,38,192,190,164,157,39,40,41],"class_list":["post-10609","post","type-post","status-publish","format-standard","has-post-thumbnail","hentry","category-secretarias","tag-comunicacion-social-gobierno-de-guanajuato","tag-en-vivo","tag-guanajuato-gobierno-del-estado","tag-pan-guanajuato","tag-redes-sociales","tag-secretaria-de-bienestar","tag-secretaria-de-comunicaciones-y-transportes","tag-secretaria-de-cultura","tag-secretaria-de-economia","tag-ultima-hora","tag-ultimas-noticias","tag-ultimo-minuto"],"_links":{"self":[{"href":"https:\/\/elguanajuatense.vip\/index.php?rest_route=\/wp\/v2\/posts\/10609","targetHints":{"allow":["GET"]}}],"collection":[{"href":"https:\/\/elguanajuatense.vip\/index.php?rest_route=\/wp\/v2\/posts"}],"about":[{"href":"https:\/\/elguanajuatense.vip\/index.php?rest_route=\/wp\/v2\/types\/post"}],"author":[{"embeddable":true,"href":"https:\/\/elguanajuatense.vip\/index.php?rest_route=\/wp\/v2\/users\/7"}],"replies":[{"embeddable":true,"href":"https:\/\/elguanajuatense.vip\/index.php?rest_route=%2Fwp%2Fv2%2Fcomments&post=10609"}],"version-history":[{"count":2,"href":"https:\/\/elguanajuatense.vip\/index.php?rest_route=\/wp\/v2\/posts\/10609\/revisions"}],"predecessor-version":[{"id":10613,"href":"https:\/\/elguanajuatense.vip\/index.php?rest_route=\/wp\/v2\/posts\/10609\/revisions\/10613"}],"wp:featuredmedia":[{"embeddable":true,"href":"https:\/\/elguanajuatense.vip\/index.php?rest_route=\/wp\/v2\/media\/10611"}],"wp:attachment":[{"href":"https:\/\/elguanajuatense.vip\/index.php?rest_route=%2Fwp%2Fv2%2Fmedia&parent=10609"}],"wp:term":[{"taxonomy":"category","embeddable":true,"href":"https:\/\/elguanajuatense.vip\/index.php?rest_route=%2Fwp%2Fv2%2Fcategories&post=10609"},{"taxonomy":"post_tag","embeddable":true,"href":"https:\/\/elguanajuatense.vip\/index.php?rest_route=%2Fwp%2Fv2%2Ftags&post=10609"}],"curies":[{"name":"wp","href":"https:\/\/api.w.org\/{rel}","templated":true}]}}