{"id":1080,"date":"2022-01-07T11:56:28","date_gmt":"2022-01-07T17:56:28","guid":{"rendered":"http:\/\/elguanajuatense.vip\/?p=1080"},"modified":"2022-01-07T11:56:29","modified_gmt":"2022-01-07T17:56:29","slug":"feria-de-leon-2022","status":"publish","type":"post","link":"https:\/\/elguanajuatense.vip\/?p=1080","title":{"rendered":"Feria de Le\u00f3n 2022"},"content":{"rendered":"\n<p><strong>#Le\u00f3n<\/strong>, <strong>#Gto<\/strong>.- La tradicional Feria de Le\u00f3n 2022, se llevar\u00e1 a cabo del 14 de enero al 9 de febrero.<\/p>\n\n\n\n<p>&#8216;Adquiere los boletos para ingresar en taquilla. Conoce como realizar tu compra de manera segura en el sitio oficial de venta en l\u00ednea para:<\/p>\n\n\n\n<ul class=\"wp-block-list\"><li>Velaria\u00a0<a rel=\"noreferrer noopener\" href=\"https:\/\/l.facebook.com\/l.php?u=https%3A%2F%2Fbit.ly%2F34bNYhU%3Ffbclid%3DIwAR0XmtXr60zLJO0oaUVholz1LoWACRmBP6v0g0mw1m9rFpNDE5fK1lk6Q70&amp;h=AT1PliDwDGrhgvKKRJrTvlCTVWg9PiYn2Ht0UxPkUrYGZixF3_Uc_Bsj_NkB2rZZck2X9kQ1ISWnK2-Zy7OsMmPJJbu-obBOlTMI1hY2z87kTDh6gXQt6q8rtt6OhgkNcNMEmVSStpzy_BV4piMr&amp;__tn__=-UK-R&amp;c[0]=AT0YQX9_uwEfHhDsVUTxWkyHcEG0GAnzMXB961ECLE06WXk8pBZnZsWtq7jC92UvzB4xYLdCZcIIpC4JmhBjy6YCB41FKtmtlaogrz2W10K6GUta3G3bzWkR7MVcsIq5wMiFO-FIP3O4hAtM0Yjxs-NwkraoH6UXU47XYlK0K6CE6Wx4P8H8BpxEd85p\" target=\"_blank\">https:\/\/bit.ly\/34bNYhU<\/a><\/li><li>Circo\u00a0<a rel=\"noreferrer noopener\" href=\"https:\/\/bit.ly\/3ELd5Vj?fbclid=IwAR2BEV7rQIROPJAytzkIBs8mk1h3wic7a4k5XmNoHnqsJCnzOXUrz09pPl4\" target=\"_blank\">https:\/\/bit.ly\/3ELd5Vj<\/a><\/li><li>Pista de hielo\u00a0<a rel=\"noreferrer noopener\" href=\"https:\/\/bit.ly\/3eNyJ0p?fbclid=IwAR16exD8NlMq1o0HKYOuV-z4sDev_pBNYDAfNuDrvouWvJqpr9NqWsJ8R6k\" target=\"_blank\">https:\/\/bit.ly\/3eNyJ0p<\/a><\/li><\/ul>\n\n\n\n<p>Sigue cuid\u00e1ndote y nos vemos muy pronto&#8217;.<\/p>\n\n\n\n<p><strong>#ElGuanajuatenseVip<\/strong><\/p>\n","protected":false},"excerpt":{"rendered":"<p>#Le\u00f3n, #Gto.- La tradicional Feria de Le\u00f3n 2022, se llevar\u00e1 a cabo del 14 de enero al 9 de febrero.<\/p>\n","protected":false},"author":7,"featured_media":0,"comment_status":"open","ping_status":"open","sticky":false,"template":"","format":"standard","meta":{"colormag_page_container_layout":"default_layout","colormag_page_sidebar_layout":"default_layout","rop_custom_images_group":[],"rop_custom_messages_group":[],"rop_publish_now":"initial","rop_publish_now_accounts":{"facebook_100397929117741_105998571690021":""},"rop_publish_now_history":[],"rop_publish_now_status":"pending","footnotes":""},"categories":[22],"tags":[45,42,30,38,39,40,41],"class_list":["post-1080","post","type-post","status-publish","format-standard","hentry","category-eventos-especiales","tag-el-guanajuatense-vip","tag-en-vivo","tag-guanajuato-gobierno-del-estado","tag-redes-sociales","tag-ultima-hora","tag-ultimas-noticias","tag-ultimo-minuto"],"_links":{"self":[{"href":"https:\/\/elguanajuatense.vip\/index.php?rest_route=\/wp\/v2\/posts\/1080","targetHints":{"allow":["GET"]}}],"collection":[{"href":"https:\/\/elguanajuatense.vip\/index.php?rest_route=\/wp\/v2\/posts"}],"about":[{"href":"https:\/\/elguanajuatense.vip\/index.php?rest_route=\/wp\/v2\/types\/post"}],"author":[{"embeddable":true,"href":"https:\/\/elguanajuatense.vip\/index.php?rest_route=\/wp\/v2\/users\/7"}],"replies":[{"embeddable":true,"href":"https:\/\/elguanajuatense.vip\/index.php?rest_route=%2Fwp%2Fv2%2Fcomments&post=1080"}],"version-history":[{"count":1,"href":"https:\/\/elguanajuatense.vip\/index.php?rest_route=\/wp\/v2\/posts\/1080\/revisions"}],"predecessor-version":[{"id":1082,"href":"https:\/\/elguanajuatense.vip\/index.php?rest_route=\/wp\/v2\/posts\/1080\/revisions\/1082"}],"wp:attachment":[{"href":"https:\/\/elguanajuatense.vip\/index.php?rest_route=%2Fwp%2Fv2%2Fmedia&parent=1080"}],"wp:term":[{"taxonomy":"category","embeddable":true,"href":"https:\/\/elguanajuatense.vip\/index.php?rest_route=%2Fwp%2Fv2%2Fcategories&post=1080"},{"taxonomy":"post_tag","embeddable":true,"href":"https:\/\/elguanajuatense.vip\/index.php?rest_route=%2Fwp%2Fv2%2Ftags&post=1080"}],"curies":[{"name":"wp","href":"https:\/\/api.w.org\/{rel}","templated":true}]}}