{"id":1169,"date":"2022-01-13T11:30:57","date_gmt":"2022-01-13T17:30:57","guid":{"rendered":"http:\/\/elguanajuatense.vip\/?p=1169"},"modified":"2022-01-13T11:30:58","modified_gmt":"2022-01-13T17:30:58","slug":"celebra-gobierno-municipal-de-salamanca-419-anos-de-historia","status":"publish","type":"post","link":"https:\/\/elguanajuatense.vip\/?p=1169","title":{"rendered":"Celebra gobierno municipal de Salamanca 419 a\u00f1os de historia"},"content":{"rendered":"\n<p><strong>#Salamanca<\/strong>, <strong>#Gto<\/strong>.- En el jard\u00edn de Nativitas, el barrio m\u00e1s antiguo del municipio, el presidente municipal C\u00e9sar Prieto, acompa\u00f1ado de su esposa Eugenia Leonor Mart\u00ednez Carrillo, Presidenta del DIF Municipal , servidores p\u00fablicos y salmantinos celebraron el 419 a\u00f1os de la fundaci\u00f3n de la ciudad de Salamanca.<br>En un ambiente de j\u00fabilo y alegr\u00eda C\u00e9sar Prieto, el presidente n\u00famero 75 en la historia de Salamanca, dirigi\u00f3 un mensaje en el que destac\u00f3 el orgullo de ser salmantino y el compromiso para trabajar a favor el desarrollo de Salamanca.<\/p>\n\n\n\n<p><br>\u201cMe siento muy orgulloso de la ciudad en la que vivo, es una responsabilidad grande la que tenemos hoy; como Ayuntamiento, como Administraci\u00f3n P\u00fablica, pero tambi\u00e9n como ciudadanos, porque Salamanca no es del gobierno, Salamanca es de todos y a todos nos corresponde escribir esta nueva historia (\u2026) somos el coraz\u00f3n del pa\u00eds, no solo el coraz\u00f3n de Guanajuato, nos ubicamos en el coraz\u00f3n de M\u00e9xico y de verdad, en Salamanca hay gente buena, hay historia, hay tradici\u00f3n, pero sobre todo, hay futuro\u201d, expres\u00f3 primer edil.<\/p>\n\n\n\n<p><br>El Cronista de la ciudad, Juan Jos\u00e9 Rodr\u00edguez Ch\u00e1vez fue el encargado de rememorar los pasajes importantes de la fundaci\u00f3n del emblem\u00e1tico \u201cDulce Nido\u00bb, ciudad importante en la historia de M\u00e9xico y promotora de la cultura, deporte, gastronom\u00eda, tierra de h\u00e9roes nacionales y grandes personajes ilustres.<br>\u201cQuiero recalcar que nuestro presidente, C\u00e9sar Prieto, acompa\u00f1ado de su esposa, va a gobernar nuestra ciudad o est\u00e1 gobernando nuestra ciudad como secuencia de aquella \u00e9poca hist\u00f3rica, con el n\u00famero 75 como Alcalde y Presidente Municipal de Salamanca, y tambi\u00e9n los S\u00edndicos y Regidores van a formar parte de la historia de nuestra ciudad\u201d, refiri\u00f3.<\/p>\n\n\n\n<p><br>En este festejo tambi\u00e9n se cont\u00f3 con la participaci\u00f3n de la Escuela Nivel Medio Superior de Salamanca, Escuela Normal Preescolar \u201cA\u00f1o de Ju\u00e1rez\u201d, Escuela Primaria \u201c15 de Septiembre\u201d as\u00ed como de la Escuela Primaria \u201cFrancisco I. Madero\u201d, quienes dieron una demostraci\u00f3n de su talento a trav\u00e9s de la poes\u00eda, m\u00fasica, danza y pintura. <\/p>\n\n\n\n<p><strong>#ElGuanajuatenseVip<\/strong><\/p>\n","protected":false},"excerpt":{"rendered":"<p>#Salamanca, #Gto.- En el jard\u00edn de Nativitas, el barrio m\u00e1s antiguo del municipio, el presidente municipal C\u00e9sar Prieto, acompa\u00f1ado de<\/p>\n","protected":false},"author":1,"featured_media":0,"comment_status":"open","ping_status":"open","sticky":false,"template":"","format":"standard","meta":{"colormag_page_container_layout":"default_layout","colormag_page_sidebar_layout":"default_layout","rop_custom_images_group":[],"rop_custom_messages_group":[],"rop_publish_now":"initial","rop_publish_now_accounts":{"facebook_100397929117741_105998571690021":""},"rop_publish_now_history":[],"rop_publish_now_status":"pending","footnotes":""},"categories":[27],"tags":[85,87,45,42,30,86,38,39,40,41],"class_list":["post-1169","post","type-post","status-publish","format-standard","hentry","category-municipios-destacados","tag-cesar-prieto-gallardo","tag-dif-salamanca","tag-el-guanajuatense-vip","tag-en-vivo","tag-guanajuato-gobierno-del-estado","tag-presidencia-municipal-de-salamanca","tag-redes-sociales","tag-ultima-hora","tag-ultimas-noticias","tag-ultimo-minuto"],"_links":{"self":[{"href":"https:\/\/elguanajuatense.vip\/index.php?rest_route=\/wp\/v2\/posts\/1169","targetHints":{"allow":["GET"]}}],"collection":[{"href":"https:\/\/elguanajuatense.vip\/index.php?rest_route=\/wp\/v2\/posts"}],"about":[{"href":"https:\/\/elguanajuatense.vip\/index.php?rest_route=\/wp\/v2\/types\/post"}],"author":[{"embeddable":true,"href":"https:\/\/elguanajuatense.vip\/index.php?rest_route=\/wp\/v2\/users\/1"}],"replies":[{"embeddable":true,"href":"https:\/\/elguanajuatense.vip\/index.php?rest_route=%2Fwp%2Fv2%2Fcomments&post=1169"}],"version-history":[{"count":1,"href":"https:\/\/elguanajuatense.vip\/index.php?rest_route=\/wp\/v2\/posts\/1169\/revisions"}],"predecessor-version":[{"id":1171,"href":"https:\/\/elguanajuatense.vip\/index.php?rest_route=\/wp\/v2\/posts\/1169\/revisions\/1171"}],"wp:attachment":[{"href":"https:\/\/elguanajuatense.vip\/index.php?rest_route=%2Fwp%2Fv2%2Fmedia&parent=1169"}],"wp:term":[{"taxonomy":"category","embeddable":true,"href":"https:\/\/elguanajuatense.vip\/index.php?rest_route=%2Fwp%2Fv2%2Fcategories&post=1169"},{"taxonomy":"post_tag","embeddable":true,"href":"https:\/\/elguanajuatense.vip\/index.php?rest_route=%2Fwp%2Fv2%2Ftags&post=1169"}],"curies":[{"name":"wp","href":"https:\/\/api.w.org\/{rel}","templated":true}]}}