{"id":1179,"date":"2022-01-13T11:41:19","date_gmt":"2022-01-13T17:41:19","guid":{"rendered":"http:\/\/elguanajuatense.vip\/?p=1179"},"modified":"2022-01-13T11:41:30","modified_gmt":"2022-01-13T17:41:30","slug":"mas-de-700-leoneses-acuden-al-primer-miercoles-ciudadano-de-2022","status":"publish","type":"post","link":"https:\/\/elguanajuatense.vip\/?p=1179","title":{"rendered":"M\u00e1s de 700 leoneses acuden al primer mi\u00e9rcoles ciudadano de 2022"},"content":{"rendered":"\n<p><strong>#Le\u00f3n<\/strong>, <strong>#Gto<\/strong>.- El primer \u2018Mi\u00e9rcoles Ciudadano\u2019 del 2022 arranc\u00f3 con fuerza al acudir cientos de leoneses para exponer sus distintas peticiones y necesidades.<\/p>\n\n\n\n<p>Directores y secretarios de las dependencias municipales, as\u00ed como el Secretario de Vinculaci\u00f3n y Atenci\u00f3n a los Leoneses, Daniel Campos Lango, atendieron personalmente a los asistentes.<\/p>\n\n\n\n<p>Una de la primeras acciones de la Presidencia Municipal, Ale Guti\u00e9rrez fue retomar los \u2018Mi\u00e9rcoles Ciudadanos\u2019, porque su gobierno se caracteriza por ser cercano, humano y eficiente.<\/p>\n\n\n\n<p>Este mi\u00e9rcoles 12 de enero, 767 personas fueron atendidas en los diferentes m\u00f3dulos de las dependencias de gobierno.<\/p>\n\n\n\n<p>\u201cCreo que se tiene la cercan\u00eda con todas las dependencias cada ocho d\u00edas y se est\u00e1 dando respuesta, la gente est\u00e1 muy contenta con los Mi\u00e9rcoles Ciudadanos\u201d, expres\u00f3 Maricruz Escalera, quien fue atendida en el m\u00f3dulo de Obra P\u00fablica.<\/p>\n\n\n\n<p>Las dependencias m\u00e1s solicitadas fueron la Secretar\u00eda para la Reactivaci\u00f3n Econ\u00f3mica de Le\u00f3n, la Secretar\u00eda para el Fortalecimiento Social de Le\u00f3n, la Direcci\u00f3n de Educaci\u00f3n y la Tesorer\u00eda Municipal.<\/p>\n\n\n\n<p>Las peticiones principales de las y los leoneses son: empleo, apoyos econ\u00f3micos y sociales, solicitudes para la poda y tala de \u00e1rboles, as\u00ed como el retiro de veh\u00edculos abandonados en la v\u00eda p\u00fablica.<\/p>\n\n\n\n<p><strong>#ElGuanajuatenseVip<\/strong><\/p>\n","protected":false},"excerpt":{"rendered":"<p>#Le\u00f3n, #Gto.- El primer \u2018Mi\u00e9rcoles Ciudadano\u2019 del 2022 arranc\u00f3 con fuerza al acudir cientos de leoneses para exponer sus distintas<\/p>\n","protected":false},"author":8,"featured_media":0,"comment_status":"open","ping_status":"open","sticky":false,"template":"","format":"standard","meta":{"colormag_page_container_layout":"default_layout","colormag_page_sidebar_layout":"default_layout","rop_custom_images_group":[],"rop_custom_messages_group":[],"rop_publish_now":"initial","rop_publish_now_accounts":{"facebook_100397929117741_105998571690021":""},"rop_publish_now_history":[],"rop_publish_now_status":"pending","footnotes":""},"categories":[28],"tags":[143,76,45,42,30,75,38,39,40,41],"class_list":["post-1179","post","type-post","status-publish","format-standard","hentry","category-alcaldesas","tag-ale-gutierrez","tag-dif-leon","tag-el-guanajuatense-vip","tag-en-vivo","tag-guanajuato-gobierno-del-estado","tag-leon-municipio","tag-redes-sociales","tag-ultima-hora","tag-ultimas-noticias","tag-ultimo-minuto"],"_links":{"self":[{"href":"https:\/\/elguanajuatense.vip\/index.php?rest_route=\/wp\/v2\/posts\/1179","targetHints":{"allow":["GET"]}}],"collection":[{"href":"https:\/\/elguanajuatense.vip\/index.php?rest_route=\/wp\/v2\/posts"}],"about":[{"href":"https:\/\/elguanajuatense.vip\/index.php?rest_route=\/wp\/v2\/types\/post"}],"author":[{"embeddable":true,"href":"https:\/\/elguanajuatense.vip\/index.php?rest_route=\/wp\/v2\/users\/8"}],"replies":[{"embeddable":true,"href":"https:\/\/elguanajuatense.vip\/index.php?rest_route=%2Fwp%2Fv2%2Fcomments&post=1179"}],"version-history":[{"count":1,"href":"https:\/\/elguanajuatense.vip\/index.php?rest_route=\/wp\/v2\/posts\/1179\/revisions"}],"predecessor-version":[{"id":1181,"href":"https:\/\/elguanajuatense.vip\/index.php?rest_route=\/wp\/v2\/posts\/1179\/revisions\/1181"}],"wp:attachment":[{"href":"https:\/\/elguanajuatense.vip\/index.php?rest_route=%2Fwp%2Fv2%2Fmedia&parent=1179"}],"wp:term":[{"taxonomy":"category","embeddable":true,"href":"https:\/\/elguanajuatense.vip\/index.php?rest_route=%2Fwp%2Fv2%2Fcategories&post=1179"},{"taxonomy":"post_tag","embeddable":true,"href":"https:\/\/elguanajuatense.vip\/index.php?rest_route=%2Fwp%2Fv2%2Ftags&post=1179"}],"curies":[{"name":"wp","href":"https:\/\/api.w.org\/{rel}","templated":true}]}}