{"id":1348,"date":"2022-01-20T11:14:53","date_gmt":"2022-01-20T17:14:53","guid":{"rendered":"http:\/\/elguanajuatense.vip\/?p=1348"},"modified":"2022-01-20T11:14:53","modified_gmt":"2022-01-20T17:14:53","slug":"avanza-dignificacion-de-calles-en-san-miguel-de-allende","status":"publish","type":"post","link":"https:\/\/elguanajuatense.vip\/?p=1348","title":{"rendered":"Avanza dignificaci\u00f3n de calles en San Miguel de Allende"},"content":{"rendered":"\n<p><strong>#SanMiguelDeAllende<\/strong>, <strong>#Gto<\/strong>.- Innovando con el Bacheo Nocturno, San Miguel de Allende sigue avanzando la dignificaci\u00f3n de sus calles.<\/p>\n\n\n\n<p>Bajo el lema \u201cMientras t\u00fa descansas, Nosotros trabajamos\u201d, el Gobierno Municipal sigue llevando a cabo esta nueva pol\u00edtica p\u00fablica de mejoramiento de vialidades principalmente en el centro hist\u00f3rico, en la que se le da atenci\u00f3n a este tipo de problem\u00e1ticas durante jornadas nocturnas, de 8 de la noche hasta las 2 de la madrugada, para que el sanmiguelense despierte y lo vea resuelto sin que hayan sido afectadas sus actividades y movilidad cotidianas.<\/p>\n\n\n\n<p>&#8216;Con calles m\u00e1s dignas y pol\u00edticas innovadoras para mejorar los servicios p\u00fablicos, en San Miguel De Allende estamos volviendo a los buenos tiempos&#8217; El municipio asegur\u00f3.<\/p>\n\n\n\n<div class=\"wp-block-image\"><figure class=\"aligncenter size-large is-resized\"><img loading=\"lazy\" decoding=\"async\" src=\"http:\/\/elguanajuatense.vip\/wp-content\/uploads\/2022\/01\/sanmig2-2-1024x640.jpg\" alt=\"\" class=\"wp-image-1349\" width=\"571\" height=\"357\"\/><\/figure><\/div>\n\n\n\n<p><strong>#ElGuanajuatenseVip<\/strong><\/p>\n","protected":false},"excerpt":{"rendered":"<p>#SanMiguelDeAllende, #Gto.- Innovando con el Bacheo Nocturno, San Miguel de Allende sigue avanzando la dignificaci\u00f3n de sus calles. Bajo el<\/p>\n","protected":false},"author":1,"featured_media":0,"comment_status":"open","ping_status":"open","sticky":false,"template":"","format":"standard","meta":{"colormag_page_container_layout":"default_layout","colormag_page_sidebar_layout":"default_layout","rop_custom_images_group":[],"rop_custom_messages_group":[],"rop_publish_now":"initial","rop_publish_now_accounts":{"facebook_100397929117741_105998571690021":""},"rop_publish_now_history":[],"rop_publish_now_status":"pending","footnotes":""},"categories":[27],"tags":[107,45,42,106,30,67,38,39,40,41],"class_list":["post-1348","post","type-post","status-publish","format-standard","hentry","category-municipios-destacados","tag-dif-san-miguel-de-allende","tag-el-guanajuatense-vip","tag-en-vivo","tag-gobierno-municipal-de-san-miguel-de-allende-2021-2024","tag-guanajuato-gobierno-del-estado","tag-mauricio-trejo-pureco","tag-redes-sociales","tag-ultima-hora","tag-ultimas-noticias","tag-ultimo-minuto"],"_links":{"self":[{"href":"https:\/\/elguanajuatense.vip\/index.php?rest_route=\/wp\/v2\/posts\/1348","targetHints":{"allow":["GET"]}}],"collection":[{"href":"https:\/\/elguanajuatense.vip\/index.php?rest_route=\/wp\/v2\/posts"}],"about":[{"href":"https:\/\/elguanajuatense.vip\/index.php?rest_route=\/wp\/v2\/types\/post"}],"author":[{"embeddable":true,"href":"https:\/\/elguanajuatense.vip\/index.php?rest_route=\/wp\/v2\/users\/1"}],"replies":[{"embeddable":true,"href":"https:\/\/elguanajuatense.vip\/index.php?rest_route=%2Fwp%2Fv2%2Fcomments&post=1348"}],"version-history":[{"count":1,"href":"https:\/\/elguanajuatense.vip\/index.php?rest_route=\/wp\/v2\/posts\/1348\/revisions"}],"predecessor-version":[{"id":1351,"href":"https:\/\/elguanajuatense.vip\/index.php?rest_route=\/wp\/v2\/posts\/1348\/revisions\/1351"}],"wp:attachment":[{"href":"https:\/\/elguanajuatense.vip\/index.php?rest_route=%2Fwp%2Fv2%2Fmedia&parent=1348"}],"wp:term":[{"taxonomy":"category","embeddable":true,"href":"https:\/\/elguanajuatense.vip\/index.php?rest_route=%2Fwp%2Fv2%2Fcategories&post=1348"},{"taxonomy":"post_tag","embeddable":true,"href":"https:\/\/elguanajuatense.vip\/index.php?rest_route=%2Fwp%2Fv2%2Ftags&post=1348"}],"curies":[{"name":"wp","href":"https:\/\/api.w.org\/{rel}","templated":true}]}}