{"id":1376,"date":"2022-01-21T11:45:22","date_gmt":"2022-01-21T17:45:22","guid":{"rendered":"http:\/\/elguanajuatense.vip\/?p=1376"},"modified":"2022-01-21T11:45:24","modified_gmt":"2022-01-21T17:45:24","slug":"lanza-municipio-de-guanajuato-convocatoria-para-cubrir-50-nuevas-plazas-en-la-policia-preventiva","status":"publish","type":"post","link":"https:\/\/elguanajuatense.vip\/?p=1376","title":{"rendered":"Lanza municipio de Guanajuato, convocatoria para cubrir 50 nuevas plazas en la polic\u00eda preventiva"},"content":{"rendered":"\n<p class=\"wp-block-paragraph\"><strong>#Guanajuato<\/strong>, <strong>#Gto<\/strong>.- Como fue prometido, el gobierno municipal de Guanajuato public\u00f3 la convocatoria para cubrir las 50 nuevas plazas para la polic\u00eda preventiva, con lo que se reforzar\u00e1 a la Secretar\u00eda de Seguridad Ciudadana y seguir\u00e1 siendo la ciudad m\u00e1s segura del estado.<\/p>\n\n\n\n<p class=\"wp-block-paragraph\">\u00abSomos gente de palabra y hoy otra vez cumplimos con lo que nos comprometimos\u00bb. <strong>#AlejandroNavarro<\/strong><\/p>\n\n\n\n<p class=\"wp-block-paragraph\">Para mayores informes, el municipio comparti\u00f3 la liga a la convocatoria completa en el siguiente enlace: <a rel=\"noreferrer noopener\" href=\"https:\/\/bit.ly\/35b7QlJ?fbclid=IwAR3yfrwztBxkCyswCOOq46WVXoTVyW8ggUZps6TNVuQ0CLzGULoOUTDFmXY\" target=\"_blank\">bit.ly\/35b7QlJ<\/a><\/p>\n\n\n\n<p class=\"wp-block-paragraph\"><strong>#ElGuanajuatenseVip<\/strong><\/p>\n","protected":false},"excerpt":{"rendered":"<p>#Guanajuato, #Gto.- Como fue prometido, el gobierno municipal de Guanajuato public\u00f3 la convocatoria para cubrir las 50 nuevas plazas para<\/p>\n","protected":false},"author":1,"featured_media":0,"comment_status":"open","ping_status":"open","sticky":false,"template":"","format":"standard","meta":{"colormag_page_container_layout":"default_layout","colormag_page_sidebar_layout":"default_layout","rop_custom_images_group":[],"rop_custom_messages_group":[],"rop_publish_now":"initial","rop_publish_now_accounts":{"facebook_100397929117741_105998571690021":""},"rop_publish_now_history":[],"rop_publish_now_status":"pending","footnotes":""},"categories":[27],"tags":[84,31,114,45,42,83,30,33,38,39,40,41],"class_list":["post-1376","post","type-post","status-publish","format-standard","hentry","category-municipios-destacados","tag-alejandro-navarro-saldana","tag-diego-sinhue-rodriguez","tag-dif-municipal-guanajuato","tag-el-guanajuatense-vip","tag-en-vivo","tag-gobierno-municipal-de-guanajuato","tag-guanajuato-gobierno-del-estado","tag-pan-guanajuato","tag-redes-sociales","tag-ultima-hora","tag-ultimas-noticias","tag-ultimo-minuto"],"_links":{"self":[{"href":"https:\/\/elguanajuatense.vip\/index.php?rest_route=\/wp\/v2\/posts\/1376","targetHints":{"allow":["GET"]}}],"collection":[{"href":"https:\/\/elguanajuatense.vip\/index.php?rest_route=\/wp\/v2\/posts"}],"about":[{"href":"https:\/\/elguanajuatense.vip\/index.php?rest_route=\/wp\/v2\/types\/post"}],"author":[{"embeddable":true,"href":"https:\/\/elguanajuatense.vip\/index.php?rest_route=\/wp\/v2\/users\/1"}],"replies":[{"embeddable":true,"href":"https:\/\/elguanajuatense.vip\/index.php?rest_route=%2Fwp%2Fv2%2Fcomments&post=1376"}],"version-history":[{"count":1,"href":"https:\/\/elguanajuatense.vip\/index.php?rest_route=\/wp\/v2\/posts\/1376\/revisions"}],"predecessor-version":[{"id":1378,"href":"https:\/\/elguanajuatense.vip\/index.php?rest_route=\/wp\/v2\/posts\/1376\/revisions\/1378"}],"wp:attachment":[{"href":"https:\/\/elguanajuatense.vip\/index.php?rest_route=%2Fwp%2Fv2%2Fmedia&parent=1376"}],"wp:term":[{"taxonomy":"category","embeddable":true,"href":"https:\/\/elguanajuatense.vip\/index.php?rest_route=%2Fwp%2Fv2%2Fcategories&post=1376"},{"taxonomy":"post_tag","embeddable":true,"href":"https:\/\/elguanajuatense.vip\/index.php?rest_route=%2Fwp%2Fv2%2Ftags&post=1376"}],"curies":[{"name":"wp","href":"https:\/\/api.w.org\/{rel}","templated":true}]}}