{"id":1447,"date":"2022-01-24T11:43:39","date_gmt":"2022-01-24T17:43:39","guid":{"rendered":"http:\/\/elguanajuatense.vip\/?p=1447"},"modified":"2022-01-24T11:43:41","modified_gmt":"2022-01-24T17:43:41","slug":"con-la-intencion-de-ofrecer-un-hogar-acogedor-el-dif-dolores-hidalgo-dio-inicio-a-la-rehabilitacion-de-la-casa-hogar","status":"publish","type":"post","link":"https:\/\/elguanajuatense.vip\/?p=1447","title":{"rendered":"Con la intenci\u00f3n de ofrecer un hogar acogedor, el DIF Dolores Hidalgo dio inicio a la rehabilitaci\u00f3n de la casa hogar"},"content":{"rendered":"\n<p><strong>#DoloresHidalgo<\/strong>, <strong>#Gto<\/strong>.- \u00abIniciamos con la rehabilitaci\u00f3n de la casa hogar del DIF Dolores Hidalgo CIN, en el equipo del DIF buscamos que sea m\u00e1s que una casa, si un hogar acogedor para los peque\u00f1os dolorenses cuyas madres trabajan arduamente para seguir construyendo el cambio en sus familias y en nuestro Dolores\u00bb. Informaron<\/p>\n\n\n\n<div class=\"wp-block-image\"><figure class=\"aligncenter size-large is-resized\"><img decoding=\"async\" src=\"http:\/\/elguanajuatense.vip\/wp-content\/uploads\/2022\/01\/dolo2-3-edited.jpg\" alt=\"\" class=\"wp-image-1449\" width=\"446\"\/><\/figure><\/div>\n\n\n\n<p><strong>#ElGuanajuatenseVip<\/strong><\/p>\n","protected":false},"excerpt":{"rendered":"<p>#DoloresHidalgo, #Gto.- \u00abIniciamos con la rehabilitaci\u00f3n de la casa hogar del DIF Dolores Hidalgo CIN, en el equipo del DIF<\/p>\n","protected":false},"author":7,"featured_media":0,"comment_status":"open","ping_status":"open","sticky":false,"template":"","format":"standard","meta":{"colormag_page_container_layout":"default_layout","colormag_page_sidebar_layout":"default_layout","rop_custom_images_group":[],"rop_custom_messages_group":[],"rop_publish_now":"initial","rop_publish_now_accounts":{"facebook_100397929117741_105998571690021":""},"rop_publish_now_history":[],"rop_publish_now_status":"pending","footnotes":""},"categories":[26],"tags":[31,146,128,45,42,126,30,33,38,39,40,41],"class_list":["post-1447","post","type-post","status-publish","format-standard","hentry","category-municipios","tag-diego-sinhue-rodriguez","tag-dif-dolores-hidalgo","tag-dolores-hidalgo-cuna-de-la-independencia-nacional","tag-el-guanajuatense-vip","tag-en-vivo","tag-gobierno-municipal-de-dolores-hidalgo-c-i-n","tag-guanajuato-gobierno-del-estado","tag-pan-guanajuato","tag-redes-sociales","tag-ultima-hora","tag-ultimas-noticias","tag-ultimo-minuto"],"_links":{"self":[{"href":"https:\/\/elguanajuatense.vip\/index.php?rest_route=\/wp\/v2\/posts\/1447","targetHints":{"allow":["GET"]}}],"collection":[{"href":"https:\/\/elguanajuatense.vip\/index.php?rest_route=\/wp\/v2\/posts"}],"about":[{"href":"https:\/\/elguanajuatense.vip\/index.php?rest_route=\/wp\/v2\/types\/post"}],"author":[{"embeddable":true,"href":"https:\/\/elguanajuatense.vip\/index.php?rest_route=\/wp\/v2\/users\/7"}],"replies":[{"embeddable":true,"href":"https:\/\/elguanajuatense.vip\/index.php?rest_route=%2Fwp%2Fv2%2Fcomments&post=1447"}],"version-history":[{"count":1,"href":"https:\/\/elguanajuatense.vip\/index.php?rest_route=\/wp\/v2\/posts\/1447\/revisions"}],"predecessor-version":[{"id":1451,"href":"https:\/\/elguanajuatense.vip\/index.php?rest_route=\/wp\/v2\/posts\/1447\/revisions\/1451"}],"wp:attachment":[{"href":"https:\/\/elguanajuatense.vip\/index.php?rest_route=%2Fwp%2Fv2%2Fmedia&parent=1447"}],"wp:term":[{"taxonomy":"category","embeddable":true,"href":"https:\/\/elguanajuatense.vip\/index.php?rest_route=%2Fwp%2Fv2%2Fcategories&post=1447"},{"taxonomy":"post_tag","embeddable":true,"href":"https:\/\/elguanajuatense.vip\/index.php?rest_route=%2Fwp%2Fv2%2Ftags&post=1447"}],"curies":[{"name":"wp","href":"https:\/\/api.w.org\/{rel}","templated":true}]}}