{"id":1520,"date":"2022-01-27T15:30:00","date_gmt":"2022-01-27T21:30:00","guid":{"rendered":"http:\/\/elguanajuatense.vip\/?p=1520"},"modified":"2022-01-27T11:32:54","modified_gmt":"2022-01-27T17:32:54","slug":"se-suman-los-46-dif-municipales-en-el-programa-crianza-positiva-para-el-fortalecimiento-familiar","status":"publish","type":"post","link":"https:\/\/elguanajuatense.vip\/?p=1520","title":{"rendered":"Se Suman los 46 DIF Municipales en el Programa Crianza Positiva para el Fortalecimiento Familiar"},"content":{"rendered":"\n<p class=\"wp-block-paragraph\"><strong>#GobiernoDeGuanajuato<\/strong>.- El Sistema para el Desarrollo Integral de la Familia (DIF), capacit\u00f3 a las autoridades de los 46 DIF Municipales del Estado como parte de las acciones de la Alianza GUIA \u201cGuanajuato Unido por la Infancia y Adolescencia\u201d con el tema de Crianza Positiva. De esta manera se realizar\u00e1 un trabajo coordinado entre el estado y los municipios para garantizar el fortalecimiento familiar.<\/p>\n\n\n\n<p class=\"wp-block-paragraph\">En el evento particip\u00f3 la Presidenta del Consejo Consultivo del Sistema DIF Estatal Guanajuato&nbsp;<strong>Adriana Ram\u00edrez Lozano<\/strong>; el Director General de DIF Estatal,&nbsp;<strong>Gerardo Trujillo Flores;<\/strong>&nbsp;la Secretaria de Gobierno&nbsp;<strong>Libia Dennise Garc\u00eda Mu\u00f1oz Ledo<\/strong>&nbsp;y el Secretario de Salud,&nbsp;<strong>Daniel D\u00edaz<\/strong>&nbsp;quienes tambi\u00e9n recibieron la capacitaci\u00f3n de Crianza Positiva.<\/p>\n\n\n\n<p class=\"wp-block-paragraph\">La capacitaci\u00f3n fue impartida por el psic\u00f3logo&nbsp;<strong>Esteban G\u00f3mez Muzzio<\/strong>&nbsp;Fundador y Director Ejecutivo de Fundaci\u00f3n Am\u00e9rica por la Infancia (FAI), quien imparti\u00f3 el tema de \u201cLa Familia como Promotora del Desarrollo Saludable de Ni\u00f1as, Ni\u00f1os y Adolescentes\u201d.<\/p>\n\n\n\n<p class=\"wp-block-paragraph\">En su mensaje,&nbsp;<strong>Adriana Ram\u00edrez Lozano<\/strong>, Presidenta del Consejo Consultivo del Sistema DIF Estatal, afirm\u00f3 que se est\u00e1 trabajando fuertemente para garantizar una pol\u00edtica p\u00fablica estatal, donde se cuente con una agenda, en el que la prioridad sea el inter\u00e9s superior de la ni\u00f1ez. \u201cReconozco que no ha sido una trabajo f\u00e1cil, pero les aseguro que los resultados son muy importantes, hoy tenemos una visi\u00f3n mucho m\u00e1s amplia de c\u00f3mo debemos abordar este tema y cu\u00e1l es nuestra responsabilidad.<\/p>\n\n\n\n<p class=\"wp-block-paragraph\">\u201cEste esfuerzo tiene como objetivo sumar acciones, proyectos y programas que formen parte de Alianza GUIA, y que juntos podamos asegurar que la ni\u00f1ez y adolescencia de nuestro estado viva en familia, de una forma segura y con respeto a cada uno de sus derechos\u201d, expres\u00f3.<\/p>\n\n\n\n<p class=\"wp-block-paragraph\">#ElGuanajuatenseVip<\/p>\n","protected":false},"excerpt":{"rendered":"<p>#GobiernoDeGuanajuato.- El Sistema para el Desarrollo Integral de la Familia (DIF), capacit\u00f3 a las autoridades de los 46 DIF Municipales<\/p>\n","protected":false},"author":7,"featured_media":0,"comment_status":"open","ping_status":"open","sticky":false,"template":"","format":"standard","meta":{"colormag_page_container_layout":"default_layout","colormag_page_sidebar_layout":"default_layout","rop_custom_images_group":[],"rop_custom_messages_group":[],"rop_publish_now":"initial","rop_publish_now_accounts":{"facebook_100397929117741_105998571690021":""},"rop_publish_now_history":[],"rop_publish_now_status":"pending","footnotes":""},"categories":[25],"tags":[37,31,45,42,30,33,38,39,40,41],"class_list":["post-1520","post","type-post","status-publish","format-standard","hentry","category-ultima-hora","tag-comunicacion-social-gobierno-de-guanajuato","tag-diego-sinhue-rodriguez","tag-el-guanajuatense-vip","tag-en-vivo","tag-guanajuato-gobierno-del-estado","tag-pan-guanajuato","tag-redes-sociales","tag-ultima-hora","tag-ultimas-noticias","tag-ultimo-minuto"],"_links":{"self":[{"href":"https:\/\/elguanajuatense.vip\/index.php?rest_route=\/wp\/v2\/posts\/1520","targetHints":{"allow":["GET"]}}],"collection":[{"href":"https:\/\/elguanajuatense.vip\/index.php?rest_route=\/wp\/v2\/posts"}],"about":[{"href":"https:\/\/elguanajuatense.vip\/index.php?rest_route=\/wp\/v2\/types\/post"}],"author":[{"embeddable":true,"href":"https:\/\/elguanajuatense.vip\/index.php?rest_route=\/wp\/v2\/users\/7"}],"replies":[{"embeddable":true,"href":"https:\/\/elguanajuatense.vip\/index.php?rest_route=%2Fwp%2Fv2%2Fcomments&post=1520"}],"version-history":[{"count":1,"href":"https:\/\/elguanajuatense.vip\/index.php?rest_route=\/wp\/v2\/posts\/1520\/revisions"}],"predecessor-version":[{"id":1522,"href":"https:\/\/elguanajuatense.vip\/index.php?rest_route=\/wp\/v2\/posts\/1520\/revisions\/1522"}],"wp:attachment":[{"href":"https:\/\/elguanajuatense.vip\/index.php?rest_route=%2Fwp%2Fv2%2Fmedia&parent=1520"}],"wp:term":[{"taxonomy":"category","embeddable":true,"href":"https:\/\/elguanajuatense.vip\/index.php?rest_route=%2Fwp%2Fv2%2Fcategories&post=1520"},{"taxonomy":"post_tag","embeddable":true,"href":"https:\/\/elguanajuatense.vip\/index.php?rest_route=%2Fwp%2Fv2%2Ftags&post=1520"}],"curies":[{"name":"wp","href":"https:\/\/api.w.org\/{rel}","templated":true}]}}