{"id":1523,"date":"2022-01-27T11:36:14","date_gmt":"2022-01-27T17:36:14","guid":{"rendered":"http:\/\/elguanajuatense.vip\/?p=1523"},"modified":"2022-01-27T11:36:15","modified_gmt":"2022-01-27T17:36:15","slug":"lanzamiento-oficial-de-la-campana-turistica-san-miguel-de-allende-gracias-por-hacer-latir-a-mexico","status":"publish","type":"post","link":"https:\/\/elguanajuatense.vip\/?p=1523","title":{"rendered":"Lanzamiento oficial de la campa\u00f1a tur\u00edstica \u2018San Miguel de Allende gracias por hacer latir a M\u00e9xico\u2019"},"content":{"rendered":"\n<p class=\"wp-block-paragraph\"><strong>#SanMiguelDeAllende<\/strong>, <strong>#Gto<\/strong>.- Cada sanmiguelense, su esencia, su cultura y tradiciones, sus servicios y su coraz\u00f3n hacen latir a M\u00e9xico y a todo el mundo. El presidente municipal, Mauricio Trejo, llam\u00f3 a la uni\u00f3n de todos los gremios tur\u00edsticos y sociales, para que se vuelvan \u00abembajadores de San Miguel\u00bb y sean los principales promotores de la magia de esta Ciudad Patrimonio.<\/p>\n\n\n\n<p class=\"wp-block-paragraph\">\u00abCon el lanzamiento oficial de la campa\u00f1a tur\u00edstica \u2018San Miguel de Allende gracias por hacer latir a M\u00e9xico\u2019 sigamos reactivando nuestra econom\u00eda al ofrecer sentimientos, recuerdos experiencias de vida a nuestros turistas y visitantes, que los motivan a regresar y seguir disfrutando su magia\u00bb Finaliz\u00f3 el mun\u00edcipe.<\/p>\n\n\n\n<div class=\"wp-block-image\"><figure class=\"aligncenter size-large is-resized\"><img loading=\"lazy\" decoding=\"async\" src=\"http:\/\/elguanajuatense.vip\/wp-content\/uploads\/2022\/01\/sanmig2-5-1024x682.jpg\" alt=\"\" class=\"wp-image-1524\" width=\"486\" height=\"324\"\/><\/figure><\/div>\n\n\n\n<p class=\"wp-block-paragraph\"><strong>#ElGuanajuatenseVip<\/strong><\/p>\n","protected":false},"excerpt":{"rendered":"<p>#SanMiguelDeAllende, #Gto.- Cada sanmiguelense, su esencia, su cultura y tradiciones, sus servicios y su coraz\u00f3n hacen latir a M\u00e9xico y<\/p>\n","protected":false},"author":1,"featured_media":0,"comment_status":"open","ping_status":"open","sticky":false,"template":"","format":"standard","meta":{"colormag_page_container_layout":"default_layout","colormag_page_sidebar_layout":"default_layout","rop_custom_images_group":[],"rop_custom_messages_group":[],"rop_publish_now":"initial","rop_publish_now_accounts":{"facebook_100397929117741_105998571690021":""},"rop_publish_now_history":[],"rop_publish_now_status":"pending","footnotes":""},"categories":[27],"tags":[31,107,45,42,106,30,67,33,38,39,40,41],"class_list":["post-1523","post","type-post","status-publish","format-standard","hentry","category-municipios-destacados","tag-diego-sinhue-rodriguez","tag-dif-san-miguel-de-allende","tag-el-guanajuatense-vip","tag-en-vivo","tag-gobierno-municipal-de-san-miguel-de-allende-2021-2024","tag-guanajuato-gobierno-del-estado","tag-mauricio-trejo-pureco","tag-pan-guanajuato","tag-redes-sociales","tag-ultima-hora","tag-ultimas-noticias","tag-ultimo-minuto"],"_links":{"self":[{"href":"https:\/\/elguanajuatense.vip\/index.php?rest_route=\/wp\/v2\/posts\/1523","targetHints":{"allow":["GET"]}}],"collection":[{"href":"https:\/\/elguanajuatense.vip\/index.php?rest_route=\/wp\/v2\/posts"}],"about":[{"href":"https:\/\/elguanajuatense.vip\/index.php?rest_route=\/wp\/v2\/types\/post"}],"author":[{"embeddable":true,"href":"https:\/\/elguanajuatense.vip\/index.php?rest_route=\/wp\/v2\/users\/1"}],"replies":[{"embeddable":true,"href":"https:\/\/elguanajuatense.vip\/index.php?rest_route=%2Fwp%2Fv2%2Fcomments&post=1523"}],"version-history":[{"count":1,"href":"https:\/\/elguanajuatense.vip\/index.php?rest_route=\/wp\/v2\/posts\/1523\/revisions"}],"predecessor-version":[{"id":1526,"href":"https:\/\/elguanajuatense.vip\/index.php?rest_route=\/wp\/v2\/posts\/1523\/revisions\/1526"}],"wp:attachment":[{"href":"https:\/\/elguanajuatense.vip\/index.php?rest_route=%2Fwp%2Fv2%2Fmedia&parent=1523"}],"wp:term":[{"taxonomy":"category","embeddable":true,"href":"https:\/\/elguanajuatense.vip\/index.php?rest_route=%2Fwp%2Fv2%2Fcategories&post=1523"},{"taxonomy":"post_tag","embeddable":true,"href":"https:\/\/elguanajuatense.vip\/index.php?rest_route=%2Fwp%2Fv2%2Ftags&post=1523"}],"curies":[{"name":"wp","href":"https:\/\/api.w.org\/{rel}","templated":true}]}}