{"id":1565,"date":"2022-01-28T11:38:54","date_gmt":"2022-01-28T17:38:54","guid":{"rendered":"http:\/\/elguanajuatense.vip\/?p=1565"},"modified":"2022-01-28T11:38:56","modified_gmt":"2022-01-28T17:38:56","slug":"evento-de-staff-de-paramedicos-peruanos-deportes-extremos","status":"publish","type":"post","link":"https:\/\/elguanajuatense.vip\/?p=1565","title":{"rendered":"Evento de STAFF de Param\u00e9dicos Peruanos &#8211; Deportes Extremos"},"content":{"rendered":"\n<p><strong>#Eventos<\/strong>.- Te invitamos a participar en el taller de t\u00e9cnicas de terapia respiratoria en contexto Covid totalmente gratuito con la especialista Maria Cuarite Ticona fisioterapeuta cardiorespiratoria donde aprender\u00e1s t\u00e9cnicas y despejaras todas tus dudas en relaci\u00f3n a las v\u00edas respiratorias y mucho m\u00e1s en estos tiempos de pandemia.<\/p>\n\n\n\n<p><br><a rel=\"noreferrer noopener\" href=\"https:\/\/chat.whatsapp.com\/KM9zuEMHUQ92xsOLUO8CwJ?fbclid=IwAR00Jh-D9O_7tOOrCqsB1kGrCpGC9gEYcOBUQTQMt4TuKQjj7wAKPpQzji4\" target=\"_blank\">https:\/\/chat.whatsapp.com\/KM9zuEMHUQ92xsOLUO8CwJ<\/a><\/p>\n\n\n\n<p><strong>#ElGuanajuatenseVip<\/strong><\/p>\n","protected":false},"excerpt":{"rendered":"<p>#Eventos.- Te invitamos a participar en el taller de t\u00e9cnicas de terapia respiratoria en contexto Covid totalmente gratuito con la<\/p>\n","protected":false},"author":7,"featured_media":0,"comment_status":"open","ping_status":"open","sticky":false,"template":"","format":"standard","meta":{"colormag_page_container_layout":"default_layout","colormag_page_sidebar_layout":"default_layout","rop_custom_images_group":[],"rop_custom_messages_group":[],"rop_publish_now":"initial","rop_publish_now_accounts":{"facebook_100397929117741_105998571690021":""},"rop_publish_now_history":[],"rop_publish_now_status":"pending","footnotes":""},"categories":[22],"tags":[45,42,30,38,39,40,41],"class_list":["post-1565","post","type-post","status-publish","format-standard","hentry","category-eventos-especiales","tag-el-guanajuatense-vip","tag-en-vivo","tag-guanajuato-gobierno-del-estado","tag-redes-sociales","tag-ultima-hora","tag-ultimas-noticias","tag-ultimo-minuto"],"_links":{"self":[{"href":"https:\/\/elguanajuatense.vip\/index.php?rest_route=\/wp\/v2\/posts\/1565","targetHints":{"allow":["GET"]}}],"collection":[{"href":"https:\/\/elguanajuatense.vip\/index.php?rest_route=\/wp\/v2\/posts"}],"about":[{"href":"https:\/\/elguanajuatense.vip\/index.php?rest_route=\/wp\/v2\/types\/post"}],"author":[{"embeddable":true,"href":"https:\/\/elguanajuatense.vip\/index.php?rest_route=\/wp\/v2\/users\/7"}],"replies":[{"embeddable":true,"href":"https:\/\/elguanajuatense.vip\/index.php?rest_route=%2Fwp%2Fv2%2Fcomments&post=1565"}],"version-history":[{"count":1,"href":"https:\/\/elguanajuatense.vip\/index.php?rest_route=\/wp\/v2\/posts\/1565\/revisions"}],"predecessor-version":[{"id":1567,"href":"https:\/\/elguanajuatense.vip\/index.php?rest_route=\/wp\/v2\/posts\/1565\/revisions\/1567"}],"wp:attachment":[{"href":"https:\/\/elguanajuatense.vip\/index.php?rest_route=%2Fwp%2Fv2%2Fmedia&parent=1565"}],"wp:term":[{"taxonomy":"category","embeddable":true,"href":"https:\/\/elguanajuatense.vip\/index.php?rest_route=%2Fwp%2Fv2%2Fcategories&post=1565"},{"taxonomy":"post_tag","embeddable":true,"href":"https:\/\/elguanajuatense.vip\/index.php?rest_route=%2Fwp%2Fv2%2Ftags&post=1565"}],"curies":[{"name":"wp","href":"https:\/\/api.w.org\/{rel}","templated":true}]}}