{"id":1585,"date":"2022-01-29T11:25:40","date_gmt":"2022-01-29T17:25:40","guid":{"rendered":"http:\/\/elguanajuatense.vip\/?p=1585"},"modified":"2022-01-29T11:25:40","modified_gmt":"2022-01-29T17:25:40","slug":"trabaja-servicios-publicos-municipales-por-un-salamanca-mas-hermoso","status":"publish","type":"post","link":"https:\/\/elguanajuatense.vip\/?p=1585","title":{"rendered":"Trabaja Servicios P\u00fablicos Municipales, por un Salamanca m\u00e1s hermoso"},"content":{"rendered":"\n<p><strong>#Salamanca<\/strong>, <strong>#Gto<\/strong>.- Siguiendo la encomienda del presidente C\u00e9sar Prieto, de mejorar la imagen urbana y con ello brindar espacios m\u00e1s seguros a los salmantinos, la Direcci\u00f3n General de Servicios P\u00fablicos Municipales informa las labores realizadas durante la presente semana.<\/p>\n\n\n\n<p>Empleados de la jefatura de Imagen Urbana realizaron barrido manual de las guarniciones del puente de la avenida Cazadora y la avenida Leona Vicario; en el espacio de donaci\u00f3n de la colonia Benito Ju\u00e1rez hicieron desbroce y levantamiento de hierba.<\/p>\n\n\n\n<p>De la misma manera, se levant\u00f3 tierra a pala y barrido manual en la calle Comonfort de la colonia 18 de marzo y en la avenida Pluripartidista, adem\u00e1s del barrido manual, se pintaron las l\u00edneas de la ciclov\u00eda.<\/p>\n\n\n\n<p>Finalmente, trabajadores de la direcci\u00f3n de Parques y Jardines rehabilitaron\u00a0 las \u00e1reas verdes de la glorieta del Bicentenario, plantando diversas especies de plantas de ornato, para mejorar la imagen de esta entrada a la cuidad.<\/p>\n\n\n\n<p><strong>#ElGuanajuatenseVip<\/strong><\/p>\n","protected":false},"excerpt":{"rendered":"<p>#Salamanca, #Gto.- Siguiendo la encomienda del presidente C\u00e9sar Prieto, de mejorar la imagen urbana y con ello brindar espacios m\u00e1s<\/p>\n","protected":false},"author":1,"featured_media":0,"comment_status":"open","ping_status":"open","sticky":false,"template":"","format":"standard","meta":{"colormag_page_container_layout":"default_layout","colormag_page_sidebar_layout":"default_layout","rop_custom_images_group":[],"rop_custom_messages_group":[],"rop_publish_now":"initial","rop_publish_now_accounts":{"facebook_100397929117741_105998571690021":""},"rop_publish_now_history":[],"rop_publish_now_status":"pending","footnotes":""},"categories":[27],"tags":[85,31,87,45,42,30,33,86,38,39,40,41],"class_list":["post-1585","post","type-post","status-publish","format-standard","hentry","category-municipios-destacados","tag-cesar-prieto-gallardo","tag-diego-sinhue-rodriguez","tag-dif-salamanca","tag-el-guanajuatense-vip","tag-en-vivo","tag-guanajuato-gobierno-del-estado","tag-pan-guanajuato","tag-presidencia-municipal-de-salamanca","tag-redes-sociales","tag-ultima-hora","tag-ultimas-noticias","tag-ultimo-minuto"],"_links":{"self":[{"href":"https:\/\/elguanajuatense.vip\/index.php?rest_route=\/wp\/v2\/posts\/1585","targetHints":{"allow":["GET"]}}],"collection":[{"href":"https:\/\/elguanajuatense.vip\/index.php?rest_route=\/wp\/v2\/posts"}],"about":[{"href":"https:\/\/elguanajuatense.vip\/index.php?rest_route=\/wp\/v2\/types\/post"}],"author":[{"embeddable":true,"href":"https:\/\/elguanajuatense.vip\/index.php?rest_route=\/wp\/v2\/users\/1"}],"replies":[{"embeddable":true,"href":"https:\/\/elguanajuatense.vip\/index.php?rest_route=%2Fwp%2Fv2%2Fcomments&post=1585"}],"version-history":[{"count":1,"href":"https:\/\/elguanajuatense.vip\/index.php?rest_route=\/wp\/v2\/posts\/1585\/revisions"}],"predecessor-version":[{"id":1587,"href":"https:\/\/elguanajuatense.vip\/index.php?rest_route=\/wp\/v2\/posts\/1585\/revisions\/1587"}],"wp:attachment":[{"href":"https:\/\/elguanajuatense.vip\/index.php?rest_route=%2Fwp%2Fv2%2Fmedia&parent=1585"}],"wp:term":[{"taxonomy":"category","embeddable":true,"href":"https:\/\/elguanajuatense.vip\/index.php?rest_route=%2Fwp%2Fv2%2Fcategories&post=1585"},{"taxonomy":"post_tag","embeddable":true,"href":"https:\/\/elguanajuatense.vip\/index.php?rest_route=%2Fwp%2Fv2%2Ftags&post=1585"}],"curies":[{"name":"wp","href":"https:\/\/api.w.org\/{rel}","templated":true}]}}