{"id":1644,"date":"2022-02-01T11:35:45","date_gmt":"2022-02-01T17:35:45","guid":{"rendered":"http:\/\/elguanajuatense.vip\/?p=1644"},"modified":"2022-02-01T11:35:46","modified_gmt":"2022-02-01T17:35:46","slug":"llevan-platicas-de-ciberbullying-a-escuelas-de-silao","status":"publish","type":"post","link":"https:\/\/elguanajuatense.vip\/?p=1644","title":{"rendered":"Llevan platicas de ciberbullying a escuelas de Silao"},"content":{"rendered":"\n<p><strong>#Silao<\/strong>, <strong>#Gto<\/strong>.- Con el prop\u00f3sito de concientizar a los j\u00f3venes sobre medios digitales y su impacto, la Direcci\u00f3n de Derechos Humanos imparti\u00f3 una pl\u00e1tica a alumnos de educaci\u00f3n b\u00e1sica.<\/p>\n\n\n\n<p>Un total de 62 alumnos de la telesecundaria \u201cJos\u00e9 Vasconcelos\u201d recibieron una conferencia acerca de la violencia digital titulada \u2018ciberbullying\u2019, para darles a conocer los pros y contras del uso de las redes sociales.<\/p>\n\n\n\n<p>En la pl\u00e1tica, los estudiantes conocieron que el ciberbullying es \u201cun conjunto de comportamientos mediante de los cuales una persona o varias utilizan las redes sociales o aplicaciones m\u00f3viles para hostigar, molestar o da\u00f1ar a una persona\u201d.<\/p>\n\n\n\n<p>La subdirectora del \u00e1rea Teresa Navarro expres\u00f3 que los alumnos fueron muy participativos, resolvieron sus dudas y se involucraron en el tema.<\/p>\n\n\n\n<p>\u201cEs un tema que les parece interesante, este tipo de charlas va dirigida a los chicos por ser temas de redes sociales, las cuales manejan todos los d\u00edas, coincidieron en que no deben quedarse callados si saben de alg\u00fan caso y menos ser c\u00f3mplices del ciberbullyng\u201d, argument\u00f3.<\/p>\n\n\n\n<p>La subdirectora a\u00f1adi\u00f3 que la direcci\u00f3n a su cargo tiene la encomienda de dar a conocer a los silaoenses sus Derechos Humanos para que puedan ejercerlos con respeto y responsabilidad, d\u00e1ndoles las herramientas necesarias para mejorar su calidad de vida.<\/p>\n\n\n\n<p><strong>#ElGuanajuatenseVip<\/strong><\/p>\n","protected":false},"excerpt":{"rendered":"<p>#Silao, #Gto.- Con el prop\u00f3sito de concientizar a los j\u00f3venes sobre medios digitales y su impacto, la Direcci\u00f3n de Derechos<\/p>\n","protected":false},"author":7,"featured_media":0,"comment_status":"open","ping_status":"open","sticky":false,"template":"","format":"standard","meta":{"colormag_page_container_layout":"default_layout","colormag_page_sidebar_layout":"default_layout","rop_custom_images_group":[],"rop_custom_messages_group":[],"rop_publish_now":"initial","rop_publish_now_accounts":{"facebook_100397929117741_105998571690021":""},"rop_publish_now_history":[],"rop_publish_now_status":"pending","footnotes":""},"categories":[26],"tags":[31,90,45,42,30,33,38,88,39,40,41],"class_list":["post-1644","post","type-post","status-publish","format-standard","hentry","category-municipios","tag-diego-sinhue-rodriguez","tag-dif-silao","tag-el-guanajuatense-vip","tag-en-vivo","tag-guanajuato-gobierno-del-estado","tag-pan-guanajuato","tag-redes-sociales","tag-silao-municipio","tag-ultima-hora","tag-ultimas-noticias","tag-ultimo-minuto"],"_links":{"self":[{"href":"https:\/\/elguanajuatense.vip\/index.php?rest_route=\/wp\/v2\/posts\/1644","targetHints":{"allow":["GET"]}}],"collection":[{"href":"https:\/\/elguanajuatense.vip\/index.php?rest_route=\/wp\/v2\/posts"}],"about":[{"href":"https:\/\/elguanajuatense.vip\/index.php?rest_route=\/wp\/v2\/types\/post"}],"author":[{"embeddable":true,"href":"https:\/\/elguanajuatense.vip\/index.php?rest_route=\/wp\/v2\/users\/7"}],"replies":[{"embeddable":true,"href":"https:\/\/elguanajuatense.vip\/index.php?rest_route=%2Fwp%2Fv2%2Fcomments&post=1644"}],"version-history":[{"count":1,"href":"https:\/\/elguanajuatense.vip\/index.php?rest_route=\/wp\/v2\/posts\/1644\/revisions"}],"predecessor-version":[{"id":1646,"href":"https:\/\/elguanajuatense.vip\/index.php?rest_route=\/wp\/v2\/posts\/1644\/revisions\/1646"}],"wp:attachment":[{"href":"https:\/\/elguanajuatense.vip\/index.php?rest_route=%2Fwp%2Fv2%2Fmedia&parent=1644"}],"wp:term":[{"taxonomy":"category","embeddable":true,"href":"https:\/\/elguanajuatense.vip\/index.php?rest_route=%2Fwp%2Fv2%2Fcategories&post=1644"},{"taxonomy":"post_tag","embeddable":true,"href":"https:\/\/elguanajuatense.vip\/index.php?rest_route=%2Fwp%2Fv2%2Ftags&post=1644"}],"curies":[{"name":"wp","href":"https:\/\/api.w.org\/{rel}","templated":true}]}}