{"id":1699,"date":"2022-02-03T10:51:13","date_gmt":"2022-02-03T16:51:13","guid":{"rendered":"http:\/\/elguanajuatense.vip\/?p=1699"},"modified":"2022-02-03T10:51:14","modified_gmt":"2022-02-03T16:51:14","slug":"noche-de-rumba-guanajuato-gto","status":"publish","type":"post","link":"https:\/\/elguanajuatense.vip\/?p=1699","title":{"rendered":"Noche de Rumba, Guanajuato, Gto."},"content":{"rendered":"\n<p class=\"wp-block-paragraph\"><strong>#Eventos<\/strong>.- Te invitamos a la Primer Edici\u00f3n de LATIN VIBES con una NOCHE DE RUMBA.<\/p>\n\n\n\n<p class=\"wp-block-paragraph\">Ven a conocernos porque AQU\u00cd NADIE SE QUEDA SENTADO! <\/p>\n\n\n\n<p class=\"wp-block-paragraph\">S\u00c1BADO 12 DE FEBRERO<br>Hotel La Abad\u00eda &#8211; Sal\u00f3n San Javier<br>Guanajuato Capital<\/p>\n\n\n\n<p class=\"wp-block-paragraph\">En la m\u00fasica tenemos a:<\/p>\n\n\n\n<p class=\"wp-block-paragraph\">@Revoluson <br>Dj Sully @Rafael Badillo <\/p>\n\n\n\n<p class=\"wp-block-paragraph\">Tambi\u00e9n contamos con tu mixolog\u00eda favorita y cerveza<\/p>\n\n\n\n<p class=\"wp-block-paragraph\">\u00a1APARTA LA FECHA! <\/p>\n\n\n\n<p class=\"wp-block-paragraph\">Preventa $100<br>Taquilla $120<\/p>\n\n\n\n<p class=\"wp-block-paragraph\">*No acceso de alimentos ni bebidas.<\/p>\n\n\n\n<p class=\"wp-block-paragraph\"><strong>#ElGuanajuatenseVip<\/strong><\/p>\n","protected":false},"excerpt":{"rendered":"<p>#Eventos.- Te invitamos a la Primer Edici\u00f3n de LATIN VIBES con una NOCHE DE RUMBA. Ven a conocernos porque AQU\u00cd<\/p>\n","protected":false},"author":7,"featured_media":0,"comment_status":"open","ping_status":"open","sticky":false,"template":"","format":"standard","meta":{"colormag_page_container_layout":"default_layout","colormag_page_sidebar_layout":"default_layout","rop_custom_images_group":[],"rop_custom_messages_group":[],"rop_publish_now":"initial","rop_publish_now_accounts":{"facebook_100397929117741_105998571690021":""},"rop_publish_now_history":[],"rop_publish_now_status":"pending","footnotes":""},"categories":[22],"tags":[45,42,30,38,39,40,41],"class_list":["post-1699","post","type-post","status-publish","format-standard","hentry","category-eventos-especiales","tag-el-guanajuatense-vip","tag-en-vivo","tag-guanajuato-gobierno-del-estado","tag-redes-sociales","tag-ultima-hora","tag-ultimas-noticias","tag-ultimo-minuto"],"_links":{"self":[{"href":"https:\/\/elguanajuatense.vip\/index.php?rest_route=\/wp\/v2\/posts\/1699","targetHints":{"allow":["GET"]}}],"collection":[{"href":"https:\/\/elguanajuatense.vip\/index.php?rest_route=\/wp\/v2\/posts"}],"about":[{"href":"https:\/\/elguanajuatense.vip\/index.php?rest_route=\/wp\/v2\/types\/post"}],"author":[{"embeddable":true,"href":"https:\/\/elguanajuatense.vip\/index.php?rest_route=\/wp\/v2\/users\/7"}],"replies":[{"embeddable":true,"href":"https:\/\/elguanajuatense.vip\/index.php?rest_route=%2Fwp%2Fv2%2Fcomments&post=1699"}],"version-history":[{"count":1,"href":"https:\/\/elguanajuatense.vip\/index.php?rest_route=\/wp\/v2\/posts\/1699\/revisions"}],"predecessor-version":[{"id":1701,"href":"https:\/\/elguanajuatense.vip\/index.php?rest_route=\/wp\/v2\/posts\/1699\/revisions\/1701"}],"wp:attachment":[{"href":"https:\/\/elguanajuatense.vip\/index.php?rest_route=%2Fwp%2Fv2%2Fmedia&parent=1699"}],"wp:term":[{"taxonomy":"category","embeddable":true,"href":"https:\/\/elguanajuatense.vip\/index.php?rest_route=%2Fwp%2Fv2%2Fcategories&post=1699"},{"taxonomy":"post_tag","embeddable":true,"href":"https:\/\/elguanajuatense.vip\/index.php?rest_route=%2Fwp%2Fv2%2Ftags&post=1699"}],"curies":[{"name":"wp","href":"https:\/\/api.w.org\/{rel}","templated":true}]}}