{"id":2007,"date":"2022-02-17T16:14:00","date_gmt":"2022-02-17T22:14:00","guid":{"rendered":"http:\/\/elguanajuatense.vip\/?p=2007"},"modified":"2022-02-17T11:16:38","modified_gmt":"2022-02-17T17:16:38","slug":"jovenes-arrancan-tapaton-2022-en-favor-de-personas-con-cancer","status":"publish","type":"post","link":"https:\/\/elguanajuatense.vip\/?p=2007","title":{"rendered":"J\u00f3venes arrancan Tapat\u00f3n 2022 en favor de personas con c\u00e1ncer"},"content":{"rendered":"\n<p class=\"wp-block-paragraph\"><strong>#GobiernoDeGuanajuato<\/strong>.- J\u00f3venes de las Redes de Liderazgo del Instituto para el Desarrollo y Atenci\u00f3n de las Juventudes del Estado (JuventudEsGto) dieron arranque al Tapat\u00f3n 2022, con la finalidad de recolectar tapas de PET, que ayudar\u00e1n al coste de la fabricaci\u00f3n de pelucas oncol\u00f3gicas para personas con c\u00e1ncer.<\/p>\n\n\n\n<p class=\"wp-block-paragraph\">En el arranque To\u00f1o Navarro, director general de JuventudEsGto celebr\u00f3 la iniciativa de los j\u00f3venes para generar acciones que impactan en la vida de otros.<\/p>\n\n\n\n<p class=\"wp-block-paragraph\">\u201cEs importante que nosotros como j\u00f3venes sigamos promoviendo todo este tipo de acciones nobles que humanicen a la sociedad y en espec\u00edfico a todas y todos los j\u00f3venes; hoy venimos a dejarles nuestro coraz\u00f3n en pedacitos de pl\u00e1stico porque en verdad queremos ayudar y por que queremos que otros se enamoren de una obra que nos hace mejores personas\u201d.<\/p>\n\n\n\n<p class=\"wp-block-paragraph\">El titular exhort\u00f3 a los j\u00f3venes a sumarse a esta iniciativa que durar\u00e1 hasta el 16 de abril, por lo que podr\u00e1n llevar sus tapas PET a los diferentes centros de acopio que j\u00f3venes instalar\u00e1n en cada municipio; agreg\u00f3 que despu\u00e9s ser\u00e1n recicladas y lo obtenido ser\u00e1 entregado a diversas asociaciones.<\/p>\n\n\n\n<p class=\"wp-block-paragraph\">Finalmente se\u00f1al\u00f3 que las Redes de Liderazgo del Instituto, encabezadas por Red L\u00edder, han trabajado en esta iniciativa desde hace 5 a\u00f1os; por lo que este a\u00f1o esperan superar lo hecho en ediciones anteriores.<\/p>\n\n\n\n<p class=\"wp-block-paragraph\"><strong>Conocen de cerca la labor de Cabello para el Alma&nbsp;<\/strong><\/p>\n\n\n\n<p class=\"wp-block-paragraph\">Con la premisa de concientizar sobre el cuidado y atenci\u00f3n a las personas con c\u00e1ncer, j\u00f3venes del estado visitaron la asociaci\u00f3n Cabello para el Alma.<\/p>\n\n\n\n<p class=\"wp-block-paragraph\">Durante la visita, pudieron conocer la labor de esta instituci\u00f3n en el apoyo a personas con esta enfermedad y de esta manera las juventudes puedan generar acciones que ayuden a las personas con c\u00e1ncer o alguna enfermedad en general.<\/p>\n\n\n\n<p class=\"wp-block-paragraph\"><strong>#ElGuanajuatenseVip<\/strong><\/p>\n","protected":false},"excerpt":{"rendered":"<p>#GobiernoDeGuanajuato.- J\u00f3venes de las Redes de Liderazgo del Instituto para el Desarrollo y Atenci\u00f3n de las Juventudes del Estado (JuventudEsGto)<\/p>\n","protected":false},"author":7,"featured_media":0,"comment_status":"open","ping_status":"open","sticky":false,"template":"","format":"standard","meta":{"colormag_page_container_layout":"default_layout","colormag_page_sidebar_layout":"default_layout","rop_custom_images_group":[],"rop_custom_messages_group":[],"rop_publish_now":"initial","rop_publish_now_accounts":{"facebook_100397929117741_105998571690021":""},"rop_publish_now_history":[],"rop_publish_now_status":"pending","footnotes":""},"categories":[25],"tags":[37,45,42,30,38,39,40,41],"class_list":["post-2007","post","type-post","status-publish","format-standard","hentry","category-ultima-hora","tag-comunicacion-social-gobierno-de-guanajuato","tag-el-guanajuatense-vip","tag-en-vivo","tag-guanajuato-gobierno-del-estado","tag-redes-sociales","tag-ultima-hora","tag-ultimas-noticias","tag-ultimo-minuto"],"_links":{"self":[{"href":"https:\/\/elguanajuatense.vip\/index.php?rest_route=\/wp\/v2\/posts\/2007","targetHints":{"allow":["GET"]}}],"collection":[{"href":"https:\/\/elguanajuatense.vip\/index.php?rest_route=\/wp\/v2\/posts"}],"about":[{"href":"https:\/\/elguanajuatense.vip\/index.php?rest_route=\/wp\/v2\/types\/post"}],"author":[{"embeddable":true,"href":"https:\/\/elguanajuatense.vip\/index.php?rest_route=\/wp\/v2\/users\/7"}],"replies":[{"embeddable":true,"href":"https:\/\/elguanajuatense.vip\/index.php?rest_route=%2Fwp%2Fv2%2Fcomments&post=2007"}],"version-history":[{"count":1,"href":"https:\/\/elguanajuatense.vip\/index.php?rest_route=\/wp\/v2\/posts\/2007\/revisions"}],"predecessor-version":[{"id":2008,"href":"https:\/\/elguanajuatense.vip\/index.php?rest_route=\/wp\/v2\/posts\/2007\/revisions\/2008"}],"wp:attachment":[{"href":"https:\/\/elguanajuatense.vip\/index.php?rest_route=%2Fwp%2Fv2%2Fmedia&parent=2007"}],"wp:term":[{"taxonomy":"category","embeddable":true,"href":"https:\/\/elguanajuatense.vip\/index.php?rest_route=%2Fwp%2Fv2%2Fcategories&post=2007"},{"taxonomy":"post_tag","embeddable":true,"href":"https:\/\/elguanajuatense.vip\/index.php?rest_route=%2Fwp%2Fv2%2Ftags&post=2007"}],"curies":[{"name":"wp","href":"https:\/\/api.w.org\/{rel}","templated":true}]}}