{"id":2053,"date":"2022-02-18T19:25:00","date_gmt":"2022-02-19T01:25:00","guid":{"rendered":"http:\/\/elguanajuatense.vip\/?p=2053"},"modified":"2022-02-18T11:26:58","modified_gmt":"2022-02-18T17:26:58","slug":"apertura-dau-y-pc-locales-en-plaza-otay-con-carta-responsiva-del-perito-en-tijuana%ef%bf%bc","status":"publish","type":"post","link":"https:\/\/elguanajuatense.vip\/?p=2053","title":{"rendered":"Apertura DAU y PC locales en plaza Otay con carta responsiva del perito en Tijuana\ufffc"},"content":{"rendered":"\n<p><strong>#Tijuana<\/strong>, <strong>#B.C.<\/strong>&#8211; La Direcci\u00f3n de Administraci\u00f3n Urbana (DAU) recibi\u00f3 la carta responsiva por parte del perito 2288 de la administraci\u00f3n de la Plaza Otay para la apertura provisional de los locales que permanecieron cerrados luego del colapso de un techo en diciembre de 2021.<\/p>\n\n\n\n<p>La revisi\u00f3n exhaustiva se realiz\u00f3 a 80 locales del exterior e interior hecha por los funcionarios de la DAU, elementos de Protecci\u00f3n Civil y expertos contratados por la administraci\u00f3n de la plaza, acompa\u00f1ados por los due\u00f1os de cada uno, con el fin de aperturar la zona de manera segura.<\/p>\n\n\n\n<p>De acuerdo al reporte de la DAU, de los 80 locales, 56 fueron considerados en color verde, 22 en amarillo y dos en naranja. Para los se\u00f1alados en verde, se permiti\u00f3 su apertura al p\u00fablico, ya que adem\u00e1s de no presentar da\u00f1os estructurales, solo requieren de un mantenimiento menor como la impermeabilizaci\u00f3n del lugar o el retiro de \u00f3xido de algunas armaduras.<\/p>\n\n\n\n<p>De los 22 en amarillo, los cuales presentaron un da\u00f1o menor no estructural, solo se abrieron para las remodelaciones pertinentes, trabajos que una vez concluidos, la autoridad municipal acudir\u00e1 a constatar los reforzamientos de la zona para facilitar, de nuevo, con una carta responsiva, la apertura provisional de los espacios.<\/p>\n\n\n\n<p><strong>#ElGuanajuatenseVip<\/strong><\/p>\n","protected":false},"excerpt":{"rendered":"<p>#Tijuana, #B.C.&#8211; La Direcci\u00f3n de Administraci\u00f3n Urbana (DAU) recibi\u00f3 la carta responsiva por parte del perito 2288 de la administraci\u00f3n<\/p>\n","protected":false},"author":7,"featured_media":0,"comment_status":"open","ping_status":"open","sticky":false,"template":"","format":"standard","meta":{"colormag_page_container_layout":"default_layout","colormag_page_sidebar_layout":"default_layout","rop_custom_images_group":[],"rop_custom_messages_group":[],"rop_publish_now":"initial","rop_publish_now_accounts":{"facebook_100397929117741_105998571690021":""},"rop_publish_now_history":[],"rop_publish_now_status":"pending","footnotes":""},"categories":[24],"tags":[117,120,42,38,39,40,41],"class_list":["post-2053","post","type-post","status-publish","format-standard","hentry","category-municipios-en-mexico","tag-ayuntamiento-de-tijuana","tag-baja-california","tag-en-vivo","tag-redes-sociales","tag-ultima-hora","tag-ultimas-noticias","tag-ultimo-minuto"],"_links":{"self":[{"href":"https:\/\/elguanajuatense.vip\/index.php?rest_route=\/wp\/v2\/posts\/2053","targetHints":{"allow":["GET"]}}],"collection":[{"href":"https:\/\/elguanajuatense.vip\/index.php?rest_route=\/wp\/v2\/posts"}],"about":[{"href":"https:\/\/elguanajuatense.vip\/index.php?rest_route=\/wp\/v2\/types\/post"}],"author":[{"embeddable":true,"href":"https:\/\/elguanajuatense.vip\/index.php?rest_route=\/wp\/v2\/users\/7"}],"replies":[{"embeddable":true,"href":"https:\/\/elguanajuatense.vip\/index.php?rest_route=%2Fwp%2Fv2%2Fcomments&post=2053"}],"version-history":[{"count":1,"href":"https:\/\/elguanajuatense.vip\/index.php?rest_route=\/wp\/v2\/posts\/2053\/revisions"}],"predecessor-version":[{"id":2055,"href":"https:\/\/elguanajuatense.vip\/index.php?rest_route=\/wp\/v2\/posts\/2053\/revisions\/2055"}],"wp:attachment":[{"href":"https:\/\/elguanajuatense.vip\/index.php?rest_route=%2Fwp%2Fv2%2Fmedia&parent=2053"}],"wp:term":[{"taxonomy":"category","embeddable":true,"href":"https:\/\/elguanajuatense.vip\/index.php?rest_route=%2Fwp%2Fv2%2Fcategories&post=2053"},{"taxonomy":"post_tag","embeddable":true,"href":"https:\/\/elguanajuatense.vip\/index.php?rest_route=%2Fwp%2Fv2%2Ftags&post=2053"}],"curies":[{"name":"wp","href":"https:\/\/api.w.org\/{rel}","templated":true}]}}