{"id":2100,"date":"2022-02-22T14:30:00","date_gmt":"2022-02-22T20:30:00","guid":{"rendered":"http:\/\/elguanajuatense.vip\/?p=2100"},"modified":"2022-02-22T11:32:09","modified_gmt":"2022-02-22T17:32:09","slug":"convoca-smaot-a-funcionarios-municipales-al-diplomado-gestion-local-del-medio-ambiente-y-del-territorio","status":"publish","type":"post","link":"https:\/\/elguanajuatense.vip\/?p=2100","title":{"rendered":"Convoca SMAOT a funcionarios municipales al Diplomado \u201cGesti\u00f3n Local del Medio Ambiente y del Territorio\u201d"},"content":{"rendered":"\n<p><strong>#GobiernoDeGuanajuato<\/strong>.- La Secretar\u00eda de Medio Ambiente y Ordenamiento Territorial, (SMAOT); en coordinaci\u00f3n con la Universidad Iberoamericana Le\u00f3n y la fundaci\u00f3n\u00a0<em>Konrad Adenauer Stiftung<\/em>\u00a0A.C. invitan a los servidores p\u00fablicos municipales a participar en el Diplomado \u201cGesti\u00f3n Local del Medio Ambiente y del Territorio\u201d.<\/p>\n\n\n\n<p>Esta formaci\u00f3n tiene como objetivo, sentar las bases para la capacitaci\u00f3n de cuadros especializados en la gesti\u00f3n ambiental y territorial entre los tomadores de decisiones en las diferentes dependencias municipales, a fin que cuenten con los conocimientos y habilidades necesarias para el manejo sostenible del entorno natural y urbano de la entidad, desde lo local.<\/p>\n\n\n\n<p>Es as\u00ed que los funcionarios locales se capacitar\u00e1n en herramientas, pr\u00e1cticas, procesos y procedimientos establecidos en la normativa ambiental y territorial que faciliten la gesti\u00f3n de los gobiernos locales en dichas materias.<\/p>\n\n\n\n<p>El diplomado es apoyado econ\u00f3micamente por la Fundaci\u00f3n&nbsp;<em>Konrad Adenauer Stiftung<\/em>&nbsp;A.C., por lo que la inversi\u00f3n del capacitado solamente corresponde a 5 mil 200 distribuidos en cuatro mensualidades de 1 mil 300 pesos.<\/p>\n\n\n\n<p>Est\u00e1 dirigido a aquellos servidores locales que cuenten con funciones directivas relacionadas con el dise\u00f1o, definici\u00f3n de presupuesto, ejecuci\u00f3n o evaluaci\u00f3n de los proyectos de inversi\u00f3n, normas o pol\u00edticas p\u00fablicas en materia ambiental, de planeaci\u00f3n o de ordenamiento y administraci\u00f3n territorial.<\/p>\n\n\n\n<p>El programa consta de 26 sesiones y 2 eventos magistrales, correspondientes a inauguraci\u00f3n y clausura, cubriendo temas espec\u00edficos de alto impacto que permiten contextualizar en una cultura de legalidad, la promoci\u00f3n de la sostenibilidad del desarrollo local en temas: Bases Conceptuales, Gesti\u00f3n Ambiental y del Cambio Clim\u00e1tico, Ordenamiento Territorial y Gesti\u00f3n del Patrimonio Natural y Habilidades Gerenciales para la Gesti\u00f3n Ambiental y Territorial.<\/p>\n\n\n\n<p><strong>#ElGuanajuatenseVip<\/strong><\/p>\n","protected":false},"excerpt":{"rendered":"<p>#GobiernoDeGuanajuato.- La Secretar\u00eda de Medio Ambiente y Ordenamiento Territorial, (SMAOT); en coordinaci\u00f3n con la Universidad Iberoamericana Le\u00f3n y la fundaci\u00f3n\u00a0Konrad<\/p>\n","protected":false},"author":7,"featured_media":0,"comment_status":"open","ping_status":"open","sticky":false,"template":"","format":"standard","meta":{"colormag_page_container_layout":"default_layout","colormag_page_sidebar_layout":"default_layout","rop_custom_images_group":[],"rop_custom_messages_group":[],"rop_publish_now":"initial","rop_publish_now_accounts":{"facebook_100397929117741_105998571690021":""},"rop_publish_now_history":[],"rop_publish_now_status":"pending","footnotes":""},"categories":[23],"tags":[37,45,42,30,38,39,40,41],"class_list":["post-2100","post","type-post","status-publish","format-standard","hentry","category-secretarias","tag-comunicacion-social-gobierno-de-guanajuato","tag-el-guanajuatense-vip","tag-en-vivo","tag-guanajuato-gobierno-del-estado","tag-redes-sociales","tag-ultima-hora","tag-ultimas-noticias","tag-ultimo-minuto"],"_links":{"self":[{"href":"https:\/\/elguanajuatense.vip\/index.php?rest_route=\/wp\/v2\/posts\/2100","targetHints":{"allow":["GET"]}}],"collection":[{"href":"https:\/\/elguanajuatense.vip\/index.php?rest_route=\/wp\/v2\/posts"}],"about":[{"href":"https:\/\/elguanajuatense.vip\/index.php?rest_route=\/wp\/v2\/types\/post"}],"author":[{"embeddable":true,"href":"https:\/\/elguanajuatense.vip\/index.php?rest_route=\/wp\/v2\/users\/7"}],"replies":[{"embeddable":true,"href":"https:\/\/elguanajuatense.vip\/index.php?rest_route=%2Fwp%2Fv2%2Fcomments&post=2100"}],"version-history":[{"count":1,"href":"https:\/\/elguanajuatense.vip\/index.php?rest_route=\/wp\/v2\/posts\/2100\/revisions"}],"predecessor-version":[{"id":2102,"href":"https:\/\/elguanajuatense.vip\/index.php?rest_route=\/wp\/v2\/posts\/2100\/revisions\/2102"}],"wp:attachment":[{"href":"https:\/\/elguanajuatense.vip\/index.php?rest_route=%2Fwp%2Fv2%2Fmedia&parent=2100"}],"wp:term":[{"taxonomy":"category","embeddable":true,"href":"https:\/\/elguanajuatense.vip\/index.php?rest_route=%2Fwp%2Fv2%2Fcategories&post=2100"},{"taxonomy":"post_tag","embeddable":true,"href":"https:\/\/elguanajuatense.vip\/index.php?rest_route=%2Fwp%2Fv2%2Ftags&post=2100"}],"curies":[{"name":"wp","href":"https:\/\/api.w.org\/{rel}","templated":true}]}}