{"id":2187,"date":"2022-02-25T11:35:59","date_gmt":"2022-02-25T17:35:59","guid":{"rendered":"http:\/\/elguanajuatense.vip\/?p=2187"},"modified":"2022-03-01T11:39:50","modified_gmt":"2022-03-01T17:39:50","slug":"plan-de-seguridad-reduce-delitos-de-impacto-en-colima-presidente-firma-convenio-de-federalizacion-de-servicios-de-salud-en-la-entidad","status":"publish","type":"post","link":"https:\/\/elguanajuatense.vip\/?p=2187","title":{"rendered":"Plan de seguridad reduce delitos de impacto en Colima; presidente firma convenio de federalizaci\u00f3n de servicios de salud en la entidad"},"content":{"rendered":"\n<p><strong>#GobiernoDeM\u00e9xico<\/strong>.- Tras encabezar la reuni\u00f3n del Gabinete de Seguridad en Colima, el presidente Andr\u00e9s Manuel L\u00f3pez Obrador reiter\u00f3 el respaldo del Gobierno de M\u00e9xico a la entidad para realizar acciones de pacificaci\u00f3n y mejoras en el sistema de salud de la regi\u00f3n.<\/p>\n\n\n\n<p>En conferencia de prensa matutina, se dio a conocer que en el estado los delitos de homicidio doloso, secuestros, trata de personas, robo a casa habitaci\u00f3n y en transporte muestran una tendencia a la baja, de acuerdo con datos del Secretariado Ejecutivo del Sistema Nacional de Seguridad P\u00fablica a enero de 2022.<\/p>\n\n\n\n<p>\u201cEstamos aqu\u00ed para expresarle al pueblo de Colima que se cuenta con el apoyo del gobierno federal y dejar de manifiesto que la maestra Indira Vizca\u00edno Silva no est\u00e1 sola y que tiene el apoyo del gobierno de la Rep\u00fablica\u201d, subray\u00f3.<\/p>\n\n\n\n<p>Record\u00f3 que la seguridad de los puertos y aduanas, entre estas la de Manzanillo, est\u00e1n a cargo de la Secretar\u00eda de Marina y de la Defensa Nacional para evitar la corrupci\u00f3n, el contrabando y el tr\u00e1fico de drogas.<\/p>\n\n\n\n<p>El titular de la Defensa Nacional, Luis Cresencio Sandoval Gonz\u00e1lez, dio a conocer que Colima ocupa el lugar n\u00famero 1 de las 32 entidades federativas en delitos de impacto.<\/p>\n\n\n\n<p><strong>#ElGuanajuatenseVip<\/strong><\/p>\n","protected":false},"excerpt":{"rendered":"<p>#GobiernoDeM\u00e9xico.- Tras encabezar la reuni\u00f3n del Gabinete de Seguridad en Colima, el presidente Andr\u00e9s Manuel L\u00f3pez Obrador reiter\u00f3 el respaldo<\/p>\n","protected":false},"author":7,"featured_media":0,"comment_status":"open","ping_status":"open","sticky":false,"template":"","format":"standard","meta":{"colormag_page_container_layout":"default_layout","colormag_page_sidebar_layout":"default_layout","rop_custom_images_group":[],"rop_custom_messages_group":[],"rop_publish_now":"initial","rop_publish_now_accounts":{"facebook_100397929117741_105998571690021":""},"rop_publish_now_history":[],"rop_publish_now_status":"pending","footnotes":""},"categories":[7],"tags":[49,45,42,47,38,39,40,41],"class_list":["post-2187","post","type-post","status-publish","format-standard","hentry","category-principales","tag-amlo","tag-el-guanajuatense-vip","tag-en-vivo","tag-gobierno-de-mexico","tag-redes-sociales","tag-ultima-hora","tag-ultimas-noticias","tag-ultimo-minuto"],"_links":{"self":[{"href":"https:\/\/elguanajuatense.vip\/index.php?rest_route=\/wp\/v2\/posts\/2187","targetHints":{"allow":["GET"]}}],"collection":[{"href":"https:\/\/elguanajuatense.vip\/index.php?rest_route=\/wp\/v2\/posts"}],"about":[{"href":"https:\/\/elguanajuatense.vip\/index.php?rest_route=\/wp\/v2\/types\/post"}],"author":[{"embeddable":true,"href":"https:\/\/elguanajuatense.vip\/index.php?rest_route=\/wp\/v2\/users\/7"}],"replies":[{"embeddable":true,"href":"https:\/\/elguanajuatense.vip\/index.php?rest_route=%2Fwp%2Fv2%2Fcomments&post=2187"}],"version-history":[{"count":2,"href":"https:\/\/elguanajuatense.vip\/index.php?rest_route=\/wp\/v2\/posts\/2187\/revisions"}],"predecessor-version":[{"id":2209,"href":"https:\/\/elguanajuatense.vip\/index.php?rest_route=\/wp\/v2\/posts\/2187\/revisions\/2209"}],"wp:attachment":[{"href":"https:\/\/elguanajuatense.vip\/index.php?rest_route=%2Fwp%2Fv2%2Fmedia&parent=2187"}],"wp:term":[{"taxonomy":"category","embeddable":true,"href":"https:\/\/elguanajuatense.vip\/index.php?rest_route=%2Fwp%2Fv2%2Fcategories&post=2187"},{"taxonomy":"post_tag","embeddable":true,"href":"https:\/\/elguanajuatense.vip\/index.php?rest_route=%2Fwp%2Fv2%2Ftags&post=2187"}],"curies":[{"name":"wp","href":"https:\/\/api.w.org\/{rel}","templated":true}]}}