{"id":2190,"date":"2022-02-25T11:39:00","date_gmt":"2022-02-25T17:39:00","guid":{"rendered":"http:\/\/elguanajuatense.vip\/?p=2190"},"modified":"2022-02-25T11:39:01","modified_gmt":"2022-02-25T17:39:01","slug":"imparte-tepic-talleres-de-superacion-personal-prevencion-a-la-violencia-y-de-autoestima","status":"publish","type":"post","link":"https:\/\/elguanajuatense.vip\/?p=2190","title":{"rendered":"Imparte Tepic, talleres de superaci\u00f3n personal, prevenci\u00f3n a la violencia y de autoestima"},"content":{"rendered":"\n<p><strong>#Tepic<\/strong>, <strong>#Nay<\/strong>.- A trav\u00e9s del Instituto Municipal de la Mujer, se imparten talleres de superaci\u00f3n personal, prevenci\u00f3n a la violencia y de autoestima con el tema \u00abImperfectamente Feliz\u00bb a las alumnas de los cursos de reposter\u00eda y costura, interesados pueden asistir los d\u00edas: lunes y mi\u00e9rcoles a las 11:00 am y los viernes a las 5:00 pm. <\/p>\n\n\n\n<p>La ubicaci\u00f3n es en calle Luis G. Urbina esquina con Tacubaya, en la colonia Amado Nervo.<\/p>\n\n\n\n<div class=\"wp-block-image\"><figure class=\"aligncenter size-large is-resized\"><img loading=\"lazy\" decoding=\"async\" src=\"http:\/\/elguanajuatense.vip\/wp-content\/uploads\/2022\/02\/tep2-1024x768.jpg\" alt=\"\" class=\"wp-image-2191\" width=\"556\" height=\"417\"\/><\/figure><\/div>\n\n\n\n<p><strong>#ElGuanajuatenseVip<\/strong><\/p>\n","protected":false},"excerpt":{"rendered":"<p>#Tepic, #Nay.- A trav\u00e9s del Instituto Municipal de la Mujer, se imparten talleres de superaci\u00f3n personal, prevenci\u00f3n a la violencia<\/p>\n","protected":false},"author":7,"featured_media":0,"comment_status":"open","ping_status":"open","sticky":false,"template":"","format":"standard","meta":{"colormag_page_container_layout":"default_layout","colormag_page_sidebar_layout":"default_layout","rop_custom_images_group":[],"rop_custom_messages_group":[],"rop_publish_now":"initial","rop_publish_now_accounts":{"facebook_100397929117741_105998571690021":""},"rop_publish_now_history":[],"rop_publish_now_status":"pending","footnotes":""},"categories":[24],"tags":[45,42,137,145,38,39,40,41],"class_list":["post-2190","post","type-post","status-publish","format-standard","hentry","category-municipios-en-mexico","tag-el-guanajuatense-vip","tag-en-vivo","tag-gobierno-de-tepic","tag-gobierno-del-estado-de-nayarit","tag-redes-sociales","tag-ultima-hora","tag-ultimas-noticias","tag-ultimo-minuto"],"_links":{"self":[{"href":"https:\/\/elguanajuatense.vip\/index.php?rest_route=\/wp\/v2\/posts\/2190","targetHints":{"allow":["GET"]}}],"collection":[{"href":"https:\/\/elguanajuatense.vip\/index.php?rest_route=\/wp\/v2\/posts"}],"about":[{"href":"https:\/\/elguanajuatense.vip\/index.php?rest_route=\/wp\/v2\/types\/post"}],"author":[{"embeddable":true,"href":"https:\/\/elguanajuatense.vip\/index.php?rest_route=\/wp\/v2\/users\/7"}],"replies":[{"embeddable":true,"href":"https:\/\/elguanajuatense.vip\/index.php?rest_route=%2Fwp%2Fv2%2Fcomments&post=2190"}],"version-history":[{"count":1,"href":"https:\/\/elguanajuatense.vip\/index.php?rest_route=\/wp\/v2\/posts\/2190\/revisions"}],"predecessor-version":[{"id":2193,"href":"https:\/\/elguanajuatense.vip\/index.php?rest_route=\/wp\/v2\/posts\/2190\/revisions\/2193"}],"wp:attachment":[{"href":"https:\/\/elguanajuatense.vip\/index.php?rest_route=%2Fwp%2Fv2%2Fmedia&parent=2190"}],"wp:term":[{"taxonomy":"category","embeddable":true,"href":"https:\/\/elguanajuatense.vip\/index.php?rest_route=%2Fwp%2Fv2%2Fcategories&post=2190"},{"taxonomy":"post_tag","embeddable":true,"href":"https:\/\/elguanajuatense.vip\/index.php?rest_route=%2Fwp%2Fv2%2Ftags&post=2190"}],"curies":[{"name":"wp","href":"https:\/\/api.w.org\/{rel}","templated":true}]}}