{"id":2245,"date":"2022-03-02T16:29:00","date_gmt":"2022-03-02T22:29:00","guid":{"rendered":"http:\/\/elguanajuatense.vip\/?p=2245"},"modified":"2022-03-02T11:30:36","modified_gmt":"2022-03-02T17:30:36","slug":"el-centro-de-conciliacion-laboral-del-estado-de-guanajuato-comparte-mejores-practicas-del-nuevo-sistema-de-justicia-laboral","status":"publish","type":"post","link":"https:\/\/elguanajuatense.vip\/?p=2245","title":{"rendered":"El Centro de Conciliaci\u00f3n Laboral del Estado de Guanajuato comparte mejores pr\u00e1cticas del nuevo Sistema de Justicia Laboral"},"content":{"rendered":"\n<p><strong>#Le\u00f3n<\/strong>, <strong>#Gto<\/strong>.- Con la invitaci\u00f3n de parte de la Federaci\u00f3n Mexicana de Abogados A.C. y Abogados Laboralistas del Estado de Michoac\u00e1n A.C., se llev\u00f3 a cabo el Primer Encuentro de Conciliadores Laborales, donde participaron las y los directores de los Centros de Conciliaci\u00f3n Laboral de los estados de\u00a0M\u00e9xico, Quer\u00e9taro, Chiapas y Guanajuato.<\/p>\n\n\n\n<p>Fue de manera virtual en la que se desarroll\u00f3 el evento ante 160 asistentes, as\u00ed como tambi\u00e9n se imparti\u00f3 la conferencia \u201cLa conciliaci\u00f3n laboral a un a\u00f1o de la implementaci\u00f3n del nuevo modelo de justicia laboral en M\u00e9xico\u201d expuesta por la Mtra. Gianni Rueda de Le\u00f3n I\u00f1igo, Coordinadora General de Conciliaci\u00f3n Individual del Centro Federal de Conciliaci\u00f3n y Registro Laboral.<\/p>\n\n\n\n<p>Abogados laboralistas y p\u00fablico en general fueron parte del encuentro, y al t\u00e9rmino de la conferencia se llev\u00f3 a cabo una mesa de reflexi\u00f3n donde los titulares de los 4 Centros de Conciliaci\u00f3n participantes expusieron sus experiencias con la aplicaci\u00f3n del nuevo sistema de justicia laboral en sus entidades.<\/p>\n\n\n\n<p>En el caso de Guanajuato la Lic. Juana Hayde\u00e9 Escobar Porras, Directora General del Centro de Conciliaci\u00f3n Laboral del Estado de Guanajuato, coment\u00f3 que en el estado se ha tenido una buena aceptaci\u00f3n tanto por la ciudadan\u00eda como tambi\u00e9n por el gremio laboral, ya que se ha trabajado muy de la mano con la Subsecretar\u00eda del Trabajo al escuchar a las y los abogados, c\u00e1maras empresariales, sindicatos y trabajadores.<\/p>\n\n\n\n<p>\u201cEl compromiso m\u00e1s grande que tenemos como servidores p\u00fablicos es justamente ese: servir a la ciudadan\u00eda, y hacerlo adem\u00e1s en una \u00e9poca tan complicada como la que nos ha tocado vivir con una pandemia con una crisis econ\u00f3mica, con una reactivaci\u00f3n que tenemos que poner en marcha, y ah\u00ed es donde encontramos no solo las atribuciones que tiene por ley la Secretar\u00eda de Gobierno, sino la vocaci\u00f3n de esta Secretar\u00eda por estar cerca de sus municipios\u201d, dijo.<\/p>\n\n\n\n<p><strong>#ElGuanajuatenseVip<\/strong><\/p>\n","protected":false},"excerpt":{"rendered":"<p>#Le\u00f3n, #Gto.- Con la invitaci\u00f3n de parte de la Federaci\u00f3n Mexicana de Abogados A.C. y Abogados Laboralistas del Estado de<\/p>\n","protected":false},"author":7,"featured_media":0,"comment_status":"open","ping_status":"open","sticky":false,"template":"","format":"standard","meta":{"colormag_page_container_layout":"default_layout","colormag_page_sidebar_layout":"default_layout","rop_custom_images_group":[],"rop_custom_messages_group":[],"rop_publish_now":"initial","rop_publish_now_accounts":{"facebook_100397929117741_105998571690021":""},"rop_publish_now_history":[],"rop_publish_now_status":"pending","footnotes":""},"categories":[23],"tags":[37,45,42,30,38,39,40,41],"class_list":["post-2245","post","type-post","status-publish","format-standard","hentry","category-secretarias","tag-comunicacion-social-gobierno-de-guanajuato","tag-el-guanajuatense-vip","tag-en-vivo","tag-guanajuato-gobierno-del-estado","tag-redes-sociales","tag-ultima-hora","tag-ultimas-noticias","tag-ultimo-minuto"],"_links":{"self":[{"href":"https:\/\/elguanajuatense.vip\/index.php?rest_route=\/wp\/v2\/posts\/2245","targetHints":{"allow":["GET"]}}],"collection":[{"href":"https:\/\/elguanajuatense.vip\/index.php?rest_route=\/wp\/v2\/posts"}],"about":[{"href":"https:\/\/elguanajuatense.vip\/index.php?rest_route=\/wp\/v2\/types\/post"}],"author":[{"embeddable":true,"href":"https:\/\/elguanajuatense.vip\/index.php?rest_route=\/wp\/v2\/users\/7"}],"replies":[{"embeddable":true,"href":"https:\/\/elguanajuatense.vip\/index.php?rest_route=%2Fwp%2Fv2%2Fcomments&post=2245"}],"version-history":[{"count":1,"href":"https:\/\/elguanajuatense.vip\/index.php?rest_route=\/wp\/v2\/posts\/2245\/revisions"}],"predecessor-version":[{"id":2247,"href":"https:\/\/elguanajuatense.vip\/index.php?rest_route=\/wp\/v2\/posts\/2245\/revisions\/2247"}],"wp:attachment":[{"href":"https:\/\/elguanajuatense.vip\/index.php?rest_route=%2Fwp%2Fv2%2Fmedia&parent=2245"}],"wp:term":[{"taxonomy":"category","embeddable":true,"href":"https:\/\/elguanajuatense.vip\/index.php?rest_route=%2Fwp%2Fv2%2Fcategories&post=2245"},{"taxonomy":"post_tag","embeddable":true,"href":"https:\/\/elguanajuatense.vip\/index.php?rest_route=%2Fwp%2Fv2%2Ftags&post=2245"}],"curies":[{"name":"wp","href":"https:\/\/api.w.org\/{rel}","templated":true}]}}