{"id":2282,"date":"2022-03-03T15:42:08","date_gmt":"2022-03-03T21:42:08","guid":{"rendered":"http:\/\/elguanajuatense.vip\/?p=2282"},"modified":"2022-03-03T15:42:08","modified_gmt":"2022-03-03T21:42:08","slug":"inicia-en-el-municipio-de-guanajuato-el-taller-uso-de-cal-para-la-proteccion-del-patrimonio","status":"publish","type":"post","link":"https:\/\/elguanajuatense.vip\/?p=2282","title":{"rendered":"Inicia en el municipio de Guanajuato, el taller \u00abUso de cal para la protecci\u00f3n del patrimonio\u00bb"},"content":{"rendered":"\n<p><strong>#Guanajuato<\/strong>, <strong>#Gto<\/strong>.- Inici\u00f3 el taller \u00abUso de cal para la protecci\u00f3n del patrimonio\u00bb dirigido a encargados de mantenimiento, de la restauraci\u00f3n, construcci\u00f3n y p\u00fablico en general. El programa del taller contempla actividades te\u00f3ricas y pr\u00e1cticas en la materia.<\/p>\n\n\n\n<div class=\"wp-block-image\"><figure class=\"aligncenter size-full is-resized\"><img loading=\"lazy\" decoding=\"async\" src=\"http:\/\/elguanajuatense.vip\/wp-content\/uploads\/2022\/03\/guana2-1.jpg\" alt=\"\" class=\"wp-image-2283\" width=\"494\" height=\"329\"\/><\/figure><\/div>\n\n\n\n<p><strong>#ElGuanajuatenseVip<\/strong><\/p>\n","protected":false},"excerpt":{"rendered":"<p>#Guanajuato, #Gto.- Inici\u00f3 el taller \u00abUso de cal para la protecci\u00f3n del patrimonio\u00bb dirigido a encargados de mantenimiento, de la<\/p>\n","protected":false},"author":7,"featured_media":0,"comment_status":"open","ping_status":"open","sticky":false,"template":"","format":"standard","meta":{"colormag_page_container_layout":"default_layout","colormag_page_sidebar_layout":"default_layout","rop_custom_images_group":[],"rop_custom_messages_group":[],"rop_publish_now":"initial","rop_publish_now_accounts":{"facebook_100397929117741_105998571690021":""},"rop_publish_now_history":[],"rop_publish_now_status":"pending","footnotes":""},"categories":[27],"tags":[37,114,45,42,83,30,38,39,40,41],"class_list":["post-2282","post","type-post","status-publish","format-standard","hentry","category-municipios-destacados","tag-comunicacion-social-gobierno-de-guanajuato","tag-dif-municipal-guanajuato","tag-el-guanajuatense-vip","tag-en-vivo","tag-gobierno-municipal-de-guanajuato","tag-guanajuato-gobierno-del-estado","tag-redes-sociales","tag-ultima-hora","tag-ultimas-noticias","tag-ultimo-minuto"],"_links":{"self":[{"href":"https:\/\/elguanajuatense.vip\/index.php?rest_route=\/wp\/v2\/posts\/2282","targetHints":{"allow":["GET"]}}],"collection":[{"href":"https:\/\/elguanajuatense.vip\/index.php?rest_route=\/wp\/v2\/posts"}],"about":[{"href":"https:\/\/elguanajuatense.vip\/index.php?rest_route=\/wp\/v2\/types\/post"}],"author":[{"embeddable":true,"href":"https:\/\/elguanajuatense.vip\/index.php?rest_route=\/wp\/v2\/users\/7"}],"replies":[{"embeddable":true,"href":"https:\/\/elguanajuatense.vip\/index.php?rest_route=%2Fwp%2Fv2%2Fcomments&post=2282"}],"version-history":[{"count":1,"href":"https:\/\/elguanajuatense.vip\/index.php?rest_route=\/wp\/v2\/posts\/2282\/revisions"}],"predecessor-version":[{"id":2285,"href":"https:\/\/elguanajuatense.vip\/index.php?rest_route=\/wp\/v2\/posts\/2282\/revisions\/2285"}],"wp:attachment":[{"href":"https:\/\/elguanajuatense.vip\/index.php?rest_route=%2Fwp%2Fv2%2Fmedia&parent=2282"}],"wp:term":[{"taxonomy":"category","embeddable":true,"href":"https:\/\/elguanajuatense.vip\/index.php?rest_route=%2Fwp%2Fv2%2Fcategories&post=2282"},{"taxonomy":"post_tag","embeddable":true,"href":"https:\/\/elguanajuatense.vip\/index.php?rest_route=%2Fwp%2Fv2%2Ftags&post=2282"}],"curies":[{"name":"wp","href":"https:\/\/api.w.org\/{rel}","templated":true}]}}