{"id":2286,"date":"2022-03-03T15:44:18","date_gmt":"2022-03-03T21:44:18","guid":{"rendered":"http:\/\/elguanajuatense.vip\/?p=2286"},"modified":"2022-03-03T15:44:19","modified_gmt":"2022-03-03T21:44:19","slug":"firma-gobierno-municipal-de-salamanca-convenio-de-coordinacion-para-celulas-municipales-de-busqueda","status":"publish","type":"post","link":"https:\/\/elguanajuatense.vip\/?p=2286","title":{"rendered":"Firma gobierno municipal de Salamanca, convenio de coordinaci\u00f3n para \u00abC\u00e9lulas municipales de b\u00fasqueda\u00bb"},"content":{"rendered":"\n<p><strong>#Salamanca<\/strong>, <strong>#Gto<\/strong>. Con la firmeza de trabajar coordinadamente en la b\u00fasqueda de personas desaparecidas en la entidad, el Gobierno Municipal y el Gobierno del Estado, a trav\u00e9s de la Secretar\u00eda de Gobierno, firmaron el Convenio de Coordinaci\u00f3n, para la Creaci\u00f3n y Operaci\u00f3n de Grupos de B\u00fasqueda de Personas Desaparecidas, denominados \u201cC\u00e9lulas municipales de B\u00fasqueda.<\/p>\n\n\n\n<p><br>En su mensaje, el presidente municipal, C\u00e9sar Prieto, reiter\u00f3 el compromiso del Gobierno Local para facilitar las condiciones para el desarrollo de b\u00fasquedas y garantizar la seguridad y protecci\u00f3n de los colectivos.<\/p>\n\n\n\n<p><br>\u201cSabemos del dolor que sienten ellos, la incertidumbre de no saber d\u00f3nde est\u00e1n sus seres queridos, es un tema desgarrador que no se le desea a nadie, y es importante que el gobierno, que las autoridades, los primeros respondientes, que en este caso somos los Municipios, donde la gente busca ser ese respaldo, ese cobijo, a trav\u00e9s del Presidente de la Comisi\u00f3n de B\u00fasqueda vamos a firmar este convenio que nos va a capacitar para poder contar con el recurso humano suficiente, preparado para poder atender este tipo de situaciones que lamentablemente se dan en todo el territorio nacional. (\u2026) Vamos a estar atentos a todo lo que se tenga que realizar para poder evitar que se sigan dando este tipo de hechos lamentables\u201d, recalc\u00f3 el primer edil.<\/p>\n\n\n\n<p>Asimismo, la Secretaria de Gobierno, Libia Dennise Mu\u00f1oz Ledo indic\u00f3 que la firma de convenio de colaboraci\u00f3n tiene por objetivo forjar servidores p\u00fablicos sensibles y capaces de brindar la atenci\u00f3n y seguimiento en la b\u00fasqueda de personas.<\/p>\n\n\n\n<p><strong>#ElGuanajuatenseVip<\/strong><\/p>\n","protected":false},"excerpt":{"rendered":"<p>#Salamanca, #Gto. Con la firmeza de trabajar coordinadamente en la b\u00fasqueda de personas desaparecidas en la entidad, el Gobierno Municipal<\/p>\n","protected":false},"author":7,"featured_media":0,"comment_status":"open","ping_status":"open","sticky":false,"template":"","format":"standard","meta":{"colormag_page_container_layout":"default_layout","colormag_page_sidebar_layout":"default_layout","rop_custom_images_group":[],"rop_custom_messages_group":[],"rop_publish_now":"initial","rop_publish_now_accounts":{"facebook_100397929117741_105998571690021":""},"rop_publish_now_history":[],"rop_publish_now_status":"pending","footnotes":""},"categories":[27],"tags":[37,87,45,42,30,86,38,39,40,41],"class_list":["post-2286","post","type-post","status-publish","format-standard","hentry","category-municipios-destacados","tag-comunicacion-social-gobierno-de-guanajuato","tag-dif-salamanca","tag-el-guanajuatense-vip","tag-en-vivo","tag-guanajuato-gobierno-del-estado","tag-presidencia-municipal-de-salamanca","tag-redes-sociales","tag-ultima-hora","tag-ultimas-noticias","tag-ultimo-minuto"],"_links":{"self":[{"href":"https:\/\/elguanajuatense.vip\/index.php?rest_route=\/wp\/v2\/posts\/2286","targetHints":{"allow":["GET"]}}],"collection":[{"href":"https:\/\/elguanajuatense.vip\/index.php?rest_route=\/wp\/v2\/posts"}],"about":[{"href":"https:\/\/elguanajuatense.vip\/index.php?rest_route=\/wp\/v2\/types\/post"}],"author":[{"embeddable":true,"href":"https:\/\/elguanajuatense.vip\/index.php?rest_route=\/wp\/v2\/users\/7"}],"replies":[{"embeddable":true,"href":"https:\/\/elguanajuatense.vip\/index.php?rest_route=%2Fwp%2Fv2%2Fcomments&post=2286"}],"version-history":[{"count":1,"href":"https:\/\/elguanajuatense.vip\/index.php?rest_route=\/wp\/v2\/posts\/2286\/revisions"}],"predecessor-version":[{"id":2288,"href":"https:\/\/elguanajuatense.vip\/index.php?rest_route=\/wp\/v2\/posts\/2286\/revisions\/2288"}],"wp:attachment":[{"href":"https:\/\/elguanajuatense.vip\/index.php?rest_route=%2Fwp%2Fv2%2Fmedia&parent=2286"}],"wp:term":[{"taxonomy":"category","embeddable":true,"href":"https:\/\/elguanajuatense.vip\/index.php?rest_route=%2Fwp%2Fv2%2Fcategories&post=2286"},{"taxonomy":"post_tag","embeddable":true,"href":"https:\/\/elguanajuatense.vip\/index.php?rest_route=%2Fwp%2Fv2%2Ftags&post=2286"}],"curies":[{"name":"wp","href":"https:\/\/api.w.org\/{rel}","templated":true}]}}