{"id":2426,"date":"2022-03-16T16:16:01","date_gmt":"2022-03-16T22:16:01","guid":{"rendered":"http:\/\/elguanajuatense.vip\/?p=2426"},"modified":"2022-03-16T16:16:03","modified_gmt":"2022-03-16T22:16:03","slug":"toma-de-protesta-del-consejo-directivo-de-2022-2025-de-sapal-leon","status":"publish","type":"post","link":"https:\/\/elguanajuatense.vip\/?p=2426","title":{"rendered":"Toma de Protesta del Consejo Directivo de 2022-2025 de Sapal Le\u00f3n"},"content":{"rendered":"\n<p><strong>#Le\u00f3n<\/strong>, <strong>#Gto<\/strong>.- La tarde del mi\u00e9rcoles, 16 de marzo, el ayuntamiento de Le\u00f3n, particip\u00f3 en la Toma de Protesta del Consejo Directivo de 2022-2025 de Sapal Le\u00f3n, donde la Presidenta Municipal Alejandra Guti\u00e9rrez inform\u00f3 sobre la necesidad de continuar con un servicio de calidad que llegue tambi\u00e9n a los que m\u00e1s lo necesitan. <\/p>\n\n\n\n<p>La Presidenta, destac\u00f3 la disposici\u00f3n de los nuevos Consejeros Ciudadanos y los alent\u00f3 para que con su conocimiento y experiencia se sumen para que con el acceso al agua se transforme la calidad de vida de las personas.<\/p>\n\n\n\n<div class=\"wp-block-image\"><figure class=\"aligncenter size-large is-resized\"><img loading=\"lazy\" decoding=\"async\" src=\"http:\/\/elguanajuatense.vip\/wp-content\/uploads\/2022\/03\/leo2-3-1024x716.jpg\" alt=\"\" class=\"wp-image-2427\" width=\"528\" height=\"369\"\/><\/figure><\/div>\n\n\n\n<p><strong>#ElGuanajuatenseVip<\/strong><\/p>\n","protected":false},"excerpt":{"rendered":"<p>#Le\u00f3n, #Gto.- La tarde del mi\u00e9rcoles, 16 de marzo, el ayuntamiento de Le\u00f3n, particip\u00f3 en la Toma de Protesta del<\/p>\n","protected":false},"author":7,"featured_media":0,"comment_status":"open","ping_status":"open","sticky":false,"template":"","format":"standard","meta":{"colormag_page_container_layout":"default_layout","colormag_page_sidebar_layout":"default_layout","rop_custom_images_group":[],"rop_custom_messages_group":[],"rop_publish_now":"initial","rop_publish_now_accounts":{"facebook_100397929117741_105998571690021":""},"rop_publish_now_history":[],"rop_publish_now_status":"pending","footnotes":""},"categories":[28],"tags":[78,31,76,45,42,30,75,38,39,40,41],"class_list":["post-2426","post","type-post","status-publish","format-standard","hentry","category-alcaldesas","tag-alejandra-gutierrez-campos","tag-diego-sinhue-rodriguez","tag-dif-leon","tag-el-guanajuatense-vip","tag-en-vivo","tag-guanajuato-gobierno-del-estado","tag-leon-municipio","tag-redes-sociales","tag-ultima-hora","tag-ultimas-noticias","tag-ultimo-minuto"],"_links":{"self":[{"href":"https:\/\/elguanajuatense.vip\/index.php?rest_route=\/wp\/v2\/posts\/2426","targetHints":{"allow":["GET"]}}],"collection":[{"href":"https:\/\/elguanajuatense.vip\/index.php?rest_route=\/wp\/v2\/posts"}],"about":[{"href":"https:\/\/elguanajuatense.vip\/index.php?rest_route=\/wp\/v2\/types\/post"}],"author":[{"embeddable":true,"href":"https:\/\/elguanajuatense.vip\/index.php?rest_route=\/wp\/v2\/users\/7"}],"replies":[{"embeddable":true,"href":"https:\/\/elguanajuatense.vip\/index.php?rest_route=%2Fwp%2Fv2%2Fcomments&post=2426"}],"version-history":[{"count":1,"href":"https:\/\/elguanajuatense.vip\/index.php?rest_route=\/wp\/v2\/posts\/2426\/revisions"}],"predecessor-version":[{"id":2429,"href":"https:\/\/elguanajuatense.vip\/index.php?rest_route=\/wp\/v2\/posts\/2426\/revisions\/2429"}],"wp:attachment":[{"href":"https:\/\/elguanajuatense.vip\/index.php?rest_route=%2Fwp%2Fv2%2Fmedia&parent=2426"}],"wp:term":[{"taxonomy":"category","embeddable":true,"href":"https:\/\/elguanajuatense.vip\/index.php?rest_route=%2Fwp%2Fv2%2Fcategories&post=2426"},{"taxonomy":"post_tag","embeddable":true,"href":"https:\/\/elguanajuatense.vip\/index.php?rest_route=%2Fwp%2Fv2%2Ftags&post=2426"}],"curies":[{"name":"wp","href":"https:\/\/api.w.org\/{rel}","templated":true}]}}