{"id":2652,"date":"2022-04-11T15:45:40","date_gmt":"2022-04-11T20:45:40","guid":{"rendered":"http:\/\/elguanajuatense.vip\/?p=2652"},"modified":"2022-04-11T15:45:41","modified_gmt":"2022-04-11T20:45:41","slug":"inicia-en-celaya-el-congreso-internacional-trascender-a-traves-de-tu-talento","status":"publish","type":"post","link":"https:\/\/elguanajuatense.vip\/?p=2652","title":{"rendered":"Inicia en Celaya, el congreso internacional \u201cTrascender a trav\u00e9s de tu talento\u201d"},"content":{"rendered":"\n<p class=\"wp-block-paragraph\"><strong>#Celaya<\/strong>, #Gto.- La Asociaci\u00f3n de Ejecutivos de Relaciones Industriales del Baj\u00edo A.C., AERIBAC, llev\u00f3 a cabo el Congreso Internacional \u201cTrascender a trav\u00e9s de tu talento\u201d, con el objetivo de reunir a j\u00f3venes, empresarios y l\u00edderes estudiantes de carreras afines a recursos humanos, para promover su desarrollo.<\/p>\n\n\n\n<p class=\"wp-block-paragraph\">En el acto inaugural estuvieron presentes el Presidente Municipal de Celaya, Francisco Javier Mendoza M\u00e1rquez; el Subsecretario de Atenci\u00f3n a las Micros, Peque\u00f1as y Medianas Empresas de la Secretar\u00eda de Desarrollo Econ\u00f3mico del Estado, Froyl\u00e1n Salas Navarro; el Director de Desarrollo Econ\u00f3mico, Eduardo Knapp Hern\u00e1ndez, y el Presidente de AERIBAC, Augusto C\u00e9sar Revuelta Velasco.<\/p>\n\n\n\n<p class=\"wp-block-paragraph\">Mendoza M\u00e1rquez aplaudi\u00f3 la iniciativa de AERIBAC para realizar este tipo de eventos presenciales, despu\u00e9s de la pandemia, pero sobretodo porque genera en los j\u00f3venes una cultura m\u00e1s productiva y permite a los asistentes desarrollar su talento y habilidades, lo que se ver\u00e1 reflejado en el entorno laboral.<\/p>\n\n\n\n<p class=\"wp-block-paragraph\">Por su parte del Presidente de AERIBAC, Augusto C\u00e9sar Revuelta Velasco, expres\u00f3 que el futuro de las empresas radica en la adaptabilidad, la creatividad y la resiliencia al interior de las empresas, y que en ese sentido es donde tiene que ir la funci\u00f3n de los recursos humanos.<\/p>\n\n\n\n<p class=\"wp-block-paragraph\"><strong>#ElGuanajuatenseVip<\/strong><\/p>\n","protected":false},"excerpt":{"rendered":"<p>#Celaya, #Gto.- La Asociaci\u00f3n de Ejecutivos de Relaciones Industriales del Baj\u00edo A.C., AERIBAC, llev\u00f3 a cabo el Congreso Internacional \u201cTrascender<\/p>\n","protected":false},"author":7,"featured_media":2653,"comment_status":"open","ping_status":"open","sticky":false,"template":"","format":"standard","meta":{"colormag_page_container_layout":"default_layout","colormag_page_sidebar_layout":"default_layout","rop_custom_images_group":[],"rop_custom_messages_group":[],"rop_publish_now":"initial","rop_publish_now_accounts":{"facebook_100397929117741_105998571690021":""},"rop_publish_now_history":[],"rop_publish_now_status":"pending","footnotes":""},"categories":[27],"tags":[31,65,45,42,30,63,38,39,40,41],"class_list":["post-2652","post","type-post","status-publish","format-standard","has-post-thumbnail","hentry","category-municipios-destacados","tag-diego-sinhue-rodriguez","tag-dif-celaya","tag-el-guanajuatense-vip","tag-en-vivo","tag-guanajuato-gobierno-del-estado","tag-municipio-de-celaya","tag-redes-sociales","tag-ultima-hora","tag-ultimas-noticias","tag-ultimo-minuto"],"_links":{"self":[{"href":"https:\/\/elguanajuatense.vip\/index.php?rest_route=\/wp\/v2\/posts\/2652","targetHints":{"allow":["GET"]}}],"collection":[{"href":"https:\/\/elguanajuatense.vip\/index.php?rest_route=\/wp\/v2\/posts"}],"about":[{"href":"https:\/\/elguanajuatense.vip\/index.php?rest_route=\/wp\/v2\/types\/post"}],"author":[{"embeddable":true,"href":"https:\/\/elguanajuatense.vip\/index.php?rest_route=\/wp\/v2\/users\/7"}],"replies":[{"embeddable":true,"href":"https:\/\/elguanajuatense.vip\/index.php?rest_route=%2Fwp%2Fv2%2Fcomments&post=2652"}],"version-history":[{"count":1,"href":"https:\/\/elguanajuatense.vip\/index.php?rest_route=\/wp\/v2\/posts\/2652\/revisions"}],"predecessor-version":[{"id":2654,"href":"https:\/\/elguanajuatense.vip\/index.php?rest_route=\/wp\/v2\/posts\/2652\/revisions\/2654"}],"wp:featuredmedia":[{"embeddable":true,"href":"https:\/\/elguanajuatense.vip\/index.php?rest_route=\/wp\/v2\/media\/2653"}],"wp:attachment":[{"href":"https:\/\/elguanajuatense.vip\/index.php?rest_route=%2Fwp%2Fv2%2Fmedia&parent=2652"}],"wp:term":[{"taxonomy":"category","embeddable":true,"href":"https:\/\/elguanajuatense.vip\/index.php?rest_route=%2Fwp%2Fv2%2Fcategories&post=2652"},{"taxonomy":"post_tag","embeddable":true,"href":"https:\/\/elguanajuatense.vip\/index.php?rest_route=%2Fwp%2Fv2%2Ftags&post=2652"}],"curies":[{"name":"wp","href":"https:\/\/api.w.org\/{rel}","templated":true}]}}