{"id":2679,"date":"2022-04-13T10:46:14","date_gmt":"2022-04-13T15:46:14","guid":{"rendered":"http:\/\/elguanajuatense.vip\/?p=2679"},"modified":"2022-04-13T10:46:15","modified_gmt":"2022-04-13T15:46:15","slug":"invita-el-municipio-de-guanajuato-a-participar-en-el-dia-estatal-de-la-mentefactura","status":"publish","type":"post","link":"https:\/\/elguanajuatense.vip\/?p=2679","title":{"rendered":"Invita el municipio de Guanajuato, a participar en el \u00abD\u00eda Estatal de la Mentefactura\u00bb"},"content":{"rendered":"\n<p><strong>#Guanajuato<\/strong>, <strong>#Gto<\/strong>.- Del 19 al 21 de abril ser\u00e1 la Conmemoraci\u00f3n del D\u00eda Estatal de la Mentefactura, m\u00e1s de 200 actividades que repartir\u00e1n en todo GTO .<\/p>\n\n\n\n<p>\u00ab\u00a1Celebremos la creatividad, innovaci\u00f3n y el talento de los guanajuatenses del Valle de la Mentefactura! No te despegues de nuestras redes sociales para que sepas m\u00e1s de todos los eventos detonadores de Mentefactura que llegar\u00e1n a tu ciudad.\u00bb Guanajuato inform\u00f3<\/p>\n\n\n\n<p><strong>#ElGuanajuatenseVip<\/strong><\/p>\n","protected":false},"excerpt":{"rendered":"<p>#Guanajuato, #Gto.- Del 19 al 21 de abril ser\u00e1 la Conmemoraci\u00f3n del D\u00eda Estatal de la Mentefactura, m\u00e1s de 200<\/p>\n","protected":false},"author":7,"featured_media":2680,"comment_status":"open","ping_status":"open","sticky":false,"template":"","format":"standard","meta":{"colormag_page_container_layout":"default_layout","colormag_page_sidebar_layout":"default_layout","rop_custom_images_group":[],"rop_custom_messages_group":[],"rop_publish_now":"initial","rop_publish_now_accounts":{"facebook_100397929117741_105998571690021":""},"rop_publish_now_history":[],"rop_publish_now_status":"pending","footnotes":""},"categories":[27],"tags":[37,31,114,45,42,83,30,38,39,40,41],"class_list":["post-2679","post","type-post","status-publish","format-standard","has-post-thumbnail","hentry","category-municipios-destacados","tag-comunicacion-social-gobierno-de-guanajuato","tag-diego-sinhue-rodriguez","tag-dif-municipal-guanajuato","tag-el-guanajuatense-vip","tag-en-vivo","tag-gobierno-municipal-de-guanajuato","tag-guanajuato-gobierno-del-estado","tag-redes-sociales","tag-ultima-hora","tag-ultimas-noticias","tag-ultimo-minuto"],"_links":{"self":[{"href":"https:\/\/elguanajuatense.vip\/index.php?rest_route=\/wp\/v2\/posts\/2679","targetHints":{"allow":["GET"]}}],"collection":[{"href":"https:\/\/elguanajuatense.vip\/index.php?rest_route=\/wp\/v2\/posts"}],"about":[{"href":"https:\/\/elguanajuatense.vip\/index.php?rest_route=\/wp\/v2\/types\/post"}],"author":[{"embeddable":true,"href":"https:\/\/elguanajuatense.vip\/index.php?rest_route=\/wp\/v2\/users\/7"}],"replies":[{"embeddable":true,"href":"https:\/\/elguanajuatense.vip\/index.php?rest_route=%2Fwp%2Fv2%2Fcomments&post=2679"}],"version-history":[{"count":1,"href":"https:\/\/elguanajuatense.vip\/index.php?rest_route=\/wp\/v2\/posts\/2679\/revisions"}],"predecessor-version":[{"id":2681,"href":"https:\/\/elguanajuatense.vip\/index.php?rest_route=\/wp\/v2\/posts\/2679\/revisions\/2681"}],"wp:featuredmedia":[{"embeddable":true,"href":"https:\/\/elguanajuatense.vip\/index.php?rest_route=\/wp\/v2\/media\/2680"}],"wp:attachment":[{"href":"https:\/\/elguanajuatense.vip\/index.php?rest_route=%2Fwp%2Fv2%2Fmedia&parent=2679"}],"wp:term":[{"taxonomy":"category","embeddable":true,"href":"https:\/\/elguanajuatense.vip\/index.php?rest_route=%2Fwp%2Fv2%2Fcategories&post=2679"},{"taxonomy":"post_tag","embeddable":true,"href":"https:\/\/elguanajuatense.vip\/index.php?rest_route=%2Fwp%2Fv2%2Ftags&post=2679"}],"curies":[{"name":"wp","href":"https:\/\/api.w.org\/{rel}","templated":true}]}}