{"id":2794,"date":"2022-04-25T11:57:33","date_gmt":"2022-04-25T16:57:33","guid":{"rendered":"http:\/\/elguanajuatense.vip\/?p=2794"},"modified":"2022-04-25T11:57:34","modified_gmt":"2022-04-25T16:57:34","slug":"recorrido-virtual-por-el-museo-de-antropologia","status":"publish","type":"post","link":"https:\/\/elguanajuatense.vip\/?p=2794","title":{"rendered":"Recorrido virtual por el Museo de Antropolog\u00eda"},"content":{"rendered":"\n<p><strong>#Eventos<\/strong>.- En esta ocasi\u00f3n visitaremos de forma virtual uno de los recintos muse\u00edsticos m\u00e1s importantes del pa\u00eds: el Museo de Antropolog\u00eda. Recorreremos algunas de las salas seleccionando las piezas representativas y de la cultura a la que pertenece.<\/p>\n\n\n\n<p>El recorrido lo narrara el arque\u00f3logo Gerardo Orozco especialista en el tema quien, apoyado en planos, fotograf\u00edas actuales y antiguas nos hablara de la historia del recinto, de las culturas prehisp\u00e1nicas, de la iconograf\u00eda e historia de cada pieza y sala y tu aprender\u00e1s historia, arte, arqueolog\u00eda, iconograf\u00eda y religi\u00f3n.<\/p>\n\n\n\n<p>Puntos para visitar<br>\u2022 Sala culturas del Precl\u00e1sico<br>\u2022 Sala Teotihuacana<br>\u2022 Sala Tolteca<br>\u2022 Sala Mexica<\/p>\n\n\n\n<p><strong>#ElGuanajuatenseVip<\/strong><\/p>\n","protected":false},"excerpt":{"rendered":"<p>#Eventos.- En esta ocasi\u00f3n visitaremos de forma virtual uno de los recintos muse\u00edsticos m\u00e1s importantes del pa\u00eds: el Museo de<\/p>\n","protected":false},"author":7,"featured_media":2795,"comment_status":"open","ping_status":"open","sticky":false,"template":"","format":"standard","meta":{"colormag_page_container_layout":"default_layout","colormag_page_sidebar_layout":"default_layout","rop_custom_images_group":[],"rop_custom_messages_group":[],"rop_publish_now":"initial","rop_publish_now_accounts":{"facebook_100397929117741_105998571690021":""},"rop_publish_now_history":[],"rop_publish_now_status":"pending","footnotes":""},"categories":[22],"tags":[31,45,42,30,38,39,40,41],"class_list":["post-2794","post","type-post","status-publish","format-standard","has-post-thumbnail","hentry","category-eventos-especiales","tag-diego-sinhue-rodriguez","tag-el-guanajuatense-vip","tag-en-vivo","tag-guanajuato-gobierno-del-estado","tag-redes-sociales","tag-ultima-hora","tag-ultimas-noticias","tag-ultimo-minuto"],"_links":{"self":[{"href":"https:\/\/elguanajuatense.vip\/index.php?rest_route=\/wp\/v2\/posts\/2794","targetHints":{"allow":["GET"]}}],"collection":[{"href":"https:\/\/elguanajuatense.vip\/index.php?rest_route=\/wp\/v2\/posts"}],"about":[{"href":"https:\/\/elguanajuatense.vip\/index.php?rest_route=\/wp\/v2\/types\/post"}],"author":[{"embeddable":true,"href":"https:\/\/elguanajuatense.vip\/index.php?rest_route=\/wp\/v2\/users\/7"}],"replies":[{"embeddable":true,"href":"https:\/\/elguanajuatense.vip\/index.php?rest_route=%2Fwp%2Fv2%2Fcomments&post=2794"}],"version-history":[{"count":1,"href":"https:\/\/elguanajuatense.vip\/index.php?rest_route=\/wp\/v2\/posts\/2794\/revisions"}],"predecessor-version":[{"id":2796,"href":"https:\/\/elguanajuatense.vip\/index.php?rest_route=\/wp\/v2\/posts\/2794\/revisions\/2796"}],"wp:featuredmedia":[{"embeddable":true,"href":"https:\/\/elguanajuatense.vip\/index.php?rest_route=\/wp\/v2\/media\/2795"}],"wp:attachment":[{"href":"https:\/\/elguanajuatense.vip\/index.php?rest_route=%2Fwp%2Fv2%2Fmedia&parent=2794"}],"wp:term":[{"taxonomy":"category","embeddable":true,"href":"https:\/\/elguanajuatense.vip\/index.php?rest_route=%2Fwp%2Fv2%2Fcategories&post=2794"},{"taxonomy":"post_tag","embeddable":true,"href":"https:\/\/elguanajuatense.vip\/index.php?rest_route=%2Fwp%2Fv2%2Ftags&post=2794"}],"curies":[{"name":"wp","href":"https:\/\/api.w.org\/{rel}","templated":true}]}}