{"id":2844,"date":"2022-04-29T18:25:00","date_gmt":"2022-04-29T23:25:00","guid":{"rendered":"http:\/\/elguanajuatense.vip\/?p=2844"},"modified":"2022-04-29T11:27:07","modified_gmt":"2022-04-29T16:27:07","slug":"policia-de-ecatepec-mejora-43-en-evaluacion-ciudadana-ocupa-segundo-lugar-a-nivel-nacional","status":"publish","type":"post","link":"https:\/\/elguanajuatense.vip\/?p=2844","title":{"rendered":"Polic\u00eda de Ecatepec mejora 43% en evaluaci\u00f3n ciudadana; ocupa segundo lugar a nivel nacional"},"content":{"rendered":"\n<p><strong>#Ecatepec, #EstadoDeM\u00e9xico<\/strong>.- Los resultados que arroja el estudio realizado por el INEGI en el mes de marzo, indican que la Polic\u00eda Municipal de Ecatepec creci\u00f3 42.7% en el n\u00famero de ciudadanos del municipio que consideran que la corporaci\u00f3n tiene un desempe\u00f1o efectivo.<\/p>\n\n\n\n<p>Ecatepec solo fue superado por la ciudad de Canc\u00fan, donde la evaluaci\u00f3n ciudadana de la polic\u00eda municipal creci\u00f3 44.3%.<\/p>\n\n\n\n<p>Tras dar a conocer estos datos, el presidente municipal de Ecatepec, Fernando Vilchis Contreras, firm\u00f3 la convocatoria para un nuevo ingreso de cadetes a la Polic\u00eda de Ecatepec.<\/p>\n\n\n\n<p>Asimismo, anunci\u00f3 un proceso de promoci\u00f3n de grados de los elementos en activo, que ser\u00e1 supervisado por un comit\u00e9 de transparencia integrado por ciudadanos, pues estableci\u00f3 que \u201cen Ecatepec los grados no se venden, se ganan\u201d.<\/p>\n\n\n\n<p>Vilchis Contreras inform\u00f3 que el gobierno pretende fortalecer a la polic\u00eda para seguir mejorando la percepci\u00f3n de seguridad entre los ciudadanos y mantener la tendencia a la baja en delitos de alto impacto que aquejan al municipio.<\/p>\n\n\n\n<p><strong>#ElGuanajuatenseVip<\/strong><\/p>\n","protected":false},"excerpt":{"rendered":"<p>#Ecatepec, #EstadoDeM\u00e9xico.- Los resultados que arroja el estudio realizado por el INEGI en el mes de marzo, indican que la<\/p>\n","protected":false},"author":7,"featured_media":2845,"comment_status":"open","ping_status":"open","sticky":false,"template":"","format":"standard","meta":{"colormag_page_container_layout":"default_layout","colormag_page_sidebar_layout":"default_layout","rop_custom_images_group":[],"rop_custom_messages_group":[],"rop_publish_now":"initial","rop_publish_now_accounts":{"facebook_100397929117741_105998571690021":""},"rop_publish_now_history":[],"rop_publish_now_status":"pending","footnotes":""},"categories":[24],"tags":[45,42,148,147,38,39,40,41],"class_list":["post-2844","post","type-post","status-publish","format-standard","has-post-thumbnail","hentry","category-municipios-en-mexico","tag-el-guanajuatense-vip","tag-en-vivo","tag-gobierno-de-ecatepec-de-morelos","tag-gobierno-del-estado-de-mexico","tag-redes-sociales","tag-ultima-hora","tag-ultimas-noticias","tag-ultimo-minuto"],"_links":{"self":[{"href":"https:\/\/elguanajuatense.vip\/index.php?rest_route=\/wp\/v2\/posts\/2844","targetHints":{"allow":["GET"]}}],"collection":[{"href":"https:\/\/elguanajuatense.vip\/index.php?rest_route=\/wp\/v2\/posts"}],"about":[{"href":"https:\/\/elguanajuatense.vip\/index.php?rest_route=\/wp\/v2\/types\/post"}],"author":[{"embeddable":true,"href":"https:\/\/elguanajuatense.vip\/index.php?rest_route=\/wp\/v2\/users\/7"}],"replies":[{"embeddable":true,"href":"https:\/\/elguanajuatense.vip\/index.php?rest_route=%2Fwp%2Fv2%2Fcomments&post=2844"}],"version-history":[{"count":1,"href":"https:\/\/elguanajuatense.vip\/index.php?rest_route=\/wp\/v2\/posts\/2844\/revisions"}],"predecessor-version":[{"id":2846,"href":"https:\/\/elguanajuatense.vip\/index.php?rest_route=\/wp\/v2\/posts\/2844\/revisions\/2846"}],"wp:featuredmedia":[{"embeddable":true,"href":"https:\/\/elguanajuatense.vip\/index.php?rest_route=\/wp\/v2\/media\/2845"}],"wp:attachment":[{"href":"https:\/\/elguanajuatense.vip\/index.php?rest_route=%2Fwp%2Fv2%2Fmedia&parent=2844"}],"wp:term":[{"taxonomy":"category","embeddable":true,"href":"https:\/\/elguanajuatense.vip\/index.php?rest_route=%2Fwp%2Fv2%2Fcategories&post=2844"},{"taxonomy":"post_tag","embeddable":true,"href":"https:\/\/elguanajuatense.vip\/index.php?rest_route=%2Fwp%2Fv2%2Ftags&post=2844"}],"curies":[{"name":"wp","href":"https:\/\/api.w.org\/{rel}","templated":true}]}}