{"id":3036,"date":"2022-05-20T11:51:42","date_gmt":"2022-05-20T16:51:42","guid":{"rendered":"http:\/\/elguanajuatense.vip\/?p=3036"},"modified":"2022-05-20T11:51:43","modified_gmt":"2022-05-20T16:51:43","slug":"dif-celaya-inaugura-de-forma-oficial-nuevo-edificio-de-asistencia-social","status":"publish","type":"post","link":"https:\/\/elguanajuatense.vip\/?p=3036","title":{"rendered":"DIF Celaya inaugura de forma oficial nuevo edificio de Asistencia Social"},"content":{"rendered":"\n<p><strong>#Celaya, #Gto<\/strong>.- La tarde de este jueves fue inaugurado de manera oficial el nuevo edificio de DIF Celaya donde se concentran las \u00e1reas de Fortalecimiento Familiar, Procuradur\u00eda Auxiliar en Materia de Asistencia Social, Coordinaci\u00f3n de Desarrollo Alimentario, Vinculaci\u00f3n Ciudadana, Consultorios m\u00e9dicos en medicina general y nutrici\u00f3n, Red M\u00f3vil, Trabajo Social y el acceso al centro de convivencias.<\/p>\n\n\n\n<p>Ante la presencia de autoridades locales y estatales, se devel\u00f3 una placa y se dio un recorrido por esta nueva sede de Asistencia Social, en beneficio de las Familias Celayenses.<\/p>\n\n\n\n<p>Durante su discurso, la se\u00f1ora, Rosa Mar\u00eda Su\u00e1rez de Mendoza, Presidenta del Patronato de DIF Celaya, dijo que con su trabajo y el trabajo de todo el equipo DIF espera trascender y dejar una huella en la vida de las y los ciudadanos.<\/p>\n\n\n\n<p>\u201cPor ustedes es que se hizo posible la creaci\u00f3n y construcci\u00f3n de un espacio digno, de un espacio donde cientos de familias acuden semana a semana seguiremos avanzando y luchando juntos por el bien com\u00fan\u201d.<\/p>\n\n\n\n<p><strong>#ElGuanajuatenseVip<\/strong><\/p>\n","protected":false},"excerpt":{"rendered":"<p>#Celaya, #Gto.- La tarde de este jueves fue inaugurado de manera oficial el nuevo edificio de DIF Celaya donde se<\/p>\n","protected":false},"author":7,"featured_media":3037,"comment_status":"open","ping_status":"open","sticky":false,"template":"","format":"standard","meta":{"colormag_page_container_layout":"default_layout","colormag_page_sidebar_layout":"default_layout","rop_custom_images_group":[],"rop_custom_messages_group":[],"rop_publish_now":"initial","rop_publish_now_accounts":{"facebook_100397929117741_105998571690021":""},"rop_publish_now_history":[],"rop_publish_now_status":"pending","footnotes":""},"categories":[27],"tags":[62,31,65,45,42,30,105,63,38,39,40,41],"class_list":["post-3036","post","type-post","status-publish","format-standard","has-post-thumbnail","hentry","category-municipios-destacados","tag-celaya","tag-diego-sinhue-rodriguez","tag-dif-celaya","tag-el-guanajuatense-vip","tag-en-vivo","tag-guanajuato-gobierno-del-estado","tag-javier-mendoza-marquez","tag-municipio-de-celaya","tag-redes-sociales","tag-ultima-hora","tag-ultimas-noticias","tag-ultimo-minuto"],"_links":{"self":[{"href":"https:\/\/elguanajuatense.vip\/index.php?rest_route=\/wp\/v2\/posts\/3036","targetHints":{"allow":["GET"]}}],"collection":[{"href":"https:\/\/elguanajuatense.vip\/index.php?rest_route=\/wp\/v2\/posts"}],"about":[{"href":"https:\/\/elguanajuatense.vip\/index.php?rest_route=\/wp\/v2\/types\/post"}],"author":[{"embeddable":true,"href":"https:\/\/elguanajuatense.vip\/index.php?rest_route=\/wp\/v2\/users\/7"}],"replies":[{"embeddable":true,"href":"https:\/\/elguanajuatense.vip\/index.php?rest_route=%2Fwp%2Fv2%2Fcomments&post=3036"}],"version-history":[{"count":1,"href":"https:\/\/elguanajuatense.vip\/index.php?rest_route=\/wp\/v2\/posts\/3036\/revisions"}],"predecessor-version":[{"id":3038,"href":"https:\/\/elguanajuatense.vip\/index.php?rest_route=\/wp\/v2\/posts\/3036\/revisions\/3038"}],"wp:featuredmedia":[{"embeddable":true,"href":"https:\/\/elguanajuatense.vip\/index.php?rest_route=\/wp\/v2\/media\/3037"}],"wp:attachment":[{"href":"https:\/\/elguanajuatense.vip\/index.php?rest_route=%2Fwp%2Fv2%2Fmedia&parent=3036"}],"wp:term":[{"taxonomy":"category","embeddable":true,"href":"https:\/\/elguanajuatense.vip\/index.php?rest_route=%2Fwp%2Fv2%2Fcategories&post=3036"},{"taxonomy":"post_tag","embeddable":true,"href":"https:\/\/elguanajuatense.vip\/index.php?rest_route=%2Fwp%2Fv2%2Ftags&post=3036"}],"curies":[{"name":"wp","href":"https:\/\/api.w.org\/{rel}","templated":true}]}}