{"id":3086,"date":"2022-05-25T10:35:35","date_gmt":"2022-05-25T15:35:35","guid":{"rendered":"http:\/\/elguanajuatense.vip\/?p=3086"},"modified":"2022-05-25T10:37:34","modified_gmt":"2022-05-25T15:37:34","slug":"inicia-en-dh-accion-8-de-100-del-programa-cuartos-dormitorios","status":"publish","type":"post","link":"https:\/\/elguanajuatense.vip\/?p=3086","title":{"rendered":"Inicia en DH, acci\u00f3n 8 de 100 del programa \u00abCuartos Dormitorios\u00bb"},"content":{"rendered":"\n<p><strong>#DoloresHidalgo, #Gto<\/strong>.- El presidente municipal de Dolores Hidalgo, Adri\u00e1n Hern\u00e1ndez Alejandri, dio el banderazo de inicio en la comunidad de R\u00edo Laja con el programa de vivienda, \u201cCuartos Dormitorios\u201d la acci\u00f3n n\u00famero 8 de 100.<\/p>\n\n\n\n<figure class=\"wp-block-image aligncenter size-large is-resized\"><img loading=\"lazy\" decoding=\"async\" src=\"http:\/\/elguanajuatense.vip\/wp-content\/uploads\/2022\/05\/dh2-1-1024x682.jpg\" alt=\"\" class=\"wp-image-3087\" width=\"513\" height=\"342\" srcset=\"https:\/\/elguanajuatense.vip\/wp-content\/uploads\/2022\/05\/dh2-1-1024x682.jpg 1024w, https:\/\/elguanajuatense.vip\/wp-content\/uploads\/2022\/05\/dh2-1-300x200.jpg 300w, https:\/\/elguanajuatense.vip\/wp-content\/uploads\/2022\/05\/dh2-1-768x512.jpg 768w, https:\/\/elguanajuatense.vip\/wp-content\/uploads\/2022\/05\/dh2-1-1536x1023.jpg 1536w, https:\/\/elguanajuatense.vip\/wp-content\/uploads\/2022\/05\/dh2-1-600x400.jpg 600w, https:\/\/elguanajuatense.vip\/wp-content\/uploads\/2022\/05\/dh2-1.jpg 2048w\" sizes=\"auto, (max-width: 513px) 100vw, 513px\" \/><\/figure>\n\n\n\n<p><strong>#ElGuanajuatenseVIP<\/strong><\/p>\n","protected":false},"excerpt":{"rendered":"<p>#DoloresHidalgo, #Gto.- El presidente municipal de Dolores Hidalgo, Adri\u00e1n Hern\u00e1ndez Alejandri, dio el banderazo de inicio en la comunidad de<\/p>\n","protected":false},"author":7,"featured_media":3088,"comment_status":"open","ping_status":"open","sticky":false,"template":"","format":"standard","meta":{"colormag_page_container_layout":"default_layout","colormag_page_sidebar_layout":"default_layout","rop_custom_images_group":[],"rop_custom_messages_group":[],"rop_publish_now":"initial","rop_publish_now_accounts":{"facebook_100397929117741_105998571690021":""},"rop_publish_now_history":[],"rop_publish_now_status":"pending","footnotes":""},"categories":[26],"tags":[129,31,146,128,45,42,30,38,39,40,41],"class_list":["post-3086","post","type-post","status-publish","format-standard","has-post-thumbnail","hentry","category-municipios","tag-adrian-hernandez-alejandri","tag-diego-sinhue-rodriguez","tag-dif-dolores-hidalgo","tag-dolores-hidalgo-cuna-de-la-independencia-nacional","tag-el-guanajuatense-vip","tag-en-vivo","tag-guanajuato-gobierno-del-estado","tag-redes-sociales","tag-ultima-hora","tag-ultimas-noticias","tag-ultimo-minuto"],"_links":{"self":[{"href":"https:\/\/elguanajuatense.vip\/index.php?rest_route=\/wp\/v2\/posts\/3086","targetHints":{"allow":["GET"]}}],"collection":[{"href":"https:\/\/elguanajuatense.vip\/index.php?rest_route=\/wp\/v2\/posts"}],"about":[{"href":"https:\/\/elguanajuatense.vip\/index.php?rest_route=\/wp\/v2\/types\/post"}],"author":[{"embeddable":true,"href":"https:\/\/elguanajuatense.vip\/index.php?rest_route=\/wp\/v2\/users\/7"}],"replies":[{"embeddable":true,"href":"https:\/\/elguanajuatense.vip\/index.php?rest_route=%2Fwp%2Fv2%2Fcomments&post=3086"}],"version-history":[{"count":2,"href":"https:\/\/elguanajuatense.vip\/index.php?rest_route=\/wp\/v2\/posts\/3086\/revisions"}],"predecessor-version":[{"id":3093,"href":"https:\/\/elguanajuatense.vip\/index.php?rest_route=\/wp\/v2\/posts\/3086\/revisions\/3093"}],"wp:featuredmedia":[{"embeddable":true,"href":"https:\/\/elguanajuatense.vip\/index.php?rest_route=\/wp\/v2\/media\/3088"}],"wp:attachment":[{"href":"https:\/\/elguanajuatense.vip\/index.php?rest_route=%2Fwp%2Fv2%2Fmedia&parent=3086"}],"wp:term":[{"taxonomy":"category","embeddable":true,"href":"https:\/\/elguanajuatense.vip\/index.php?rest_route=%2Fwp%2Fv2%2Fcategories&post=3086"},{"taxonomy":"post_tag","embeddable":true,"href":"https:\/\/elguanajuatense.vip\/index.php?rest_route=%2Fwp%2Fv2%2Ftags&post=3086"}],"curies":[{"name":"wp","href":"https:\/\/api.w.org\/{rel}","templated":true}]}}