{"id":3090,"date":"2022-05-25T10:37:09","date_gmt":"2022-05-25T15:37:09","guid":{"rendered":"http:\/\/elguanajuatense.vip\/?p=3090"},"modified":"2022-05-25T10:37:10","modified_gmt":"2022-05-25T15:37:10","slug":"llama-ale-gutierrez-a-consejos-ciudadanos-para-sumar-a-mas-mujeres","status":"publish","type":"post","link":"https:\/\/elguanajuatense.vip\/?p=3090","title":{"rendered":"Llama Ale Guti\u00e9rrez a consejos ciudadanos para sumar a m\u00e1s mujeres"},"content":{"rendered":"\n<p><strong>#Le\u00f3n, #Gto<\/strong>.- Durante la toma de protesta del nuevo Consejo Directivo 2022 del Instituto Mexicano de Ejecutivos de Finanzas (IMEF) delegaci\u00f3n Guanajuato,\u00a0Ale Guti\u00e9rrez Campos, Presidenta Municipal hizo un llamado a los nuevos consejos ciudadanos a trabajar en la paridad de g\u00e9nero.<\/p>\n\n\n\n<p>Ale Guti\u00e9rrez exhort\u00f3 a las c\u00e1maras empresariales y consejos ciudadanos en integrar a m\u00e1s mujeres que representen a cada uno de los gremios.<\/p>\n\n\n\n<p>\u201cHoy m\u00e1s que nunca, s\u00e9 que las mujeres han hecho excelentes papeles desde el gobierno e iniciativa privada. Cada vez hemos tenido m\u00e1s mujeres en c\u00e1maras pero nos faltan representantes\u201d, indic\u00f3.<\/p>\n\n\n\n<p>Con presencia en 20 ciudades del pa\u00eds, el Consejo Directivo 2022 delegaci\u00f3n Guanajuato, estar\u00e1 encabezado por Rosa Isela Ram\u00edrez, quien llega a suplir a Paola V\u00e1zquez Villegas.<\/p>\n\n\n\n<p>Asimismo, durante su toma de protesta, Rosa Isela inform\u00f3 que se trabajar\u00e1 bajo los ejes \u201cIndicador IMEF\u201d, \u201cEscuela de negocios\u201d, \u201cIMEF universitario\u201d y se capacitar\u00e1 a los asociados.<\/p>\n\n\n\n<p><strong>#ElGuanajuatenseVIP<\/strong><\/p>\n","protected":false},"excerpt":{"rendered":"<p>#Le\u00f3n, #Gto.- Durante la toma de protesta del nuevo Consejo Directivo 2022 del Instituto Mexicano de Ejecutivos de Finanzas (IMEF)<\/p>\n","protected":false},"author":7,"featured_media":3091,"comment_status":"open","ping_status":"open","sticky":false,"template":"","format":"standard","meta":{"colormag_page_container_layout":"default_layout","colormag_page_sidebar_layout":"default_layout","rop_custom_images_group":[],"rop_custom_messages_group":[],"rop_publish_now":"initial","rop_publish_now_accounts":{"facebook_100397929117741_105998571690021":""},"rop_publish_now_history":[],"rop_publish_now_status":"pending","footnotes":""},"categories":[28],"tags":[78,31,76,45,42,30,75,38,39,40,41],"class_list":["post-3090","post","type-post","status-publish","format-standard","has-post-thumbnail","hentry","category-alcaldesas","tag-alejandra-gutierrez-campos","tag-diego-sinhue-rodriguez","tag-dif-leon","tag-el-guanajuatense-vip","tag-en-vivo","tag-guanajuato-gobierno-del-estado","tag-leon-municipio","tag-redes-sociales","tag-ultima-hora","tag-ultimas-noticias","tag-ultimo-minuto"],"_links":{"self":[{"href":"https:\/\/elguanajuatense.vip\/index.php?rest_route=\/wp\/v2\/posts\/3090","targetHints":{"allow":["GET"]}}],"collection":[{"href":"https:\/\/elguanajuatense.vip\/index.php?rest_route=\/wp\/v2\/posts"}],"about":[{"href":"https:\/\/elguanajuatense.vip\/index.php?rest_route=\/wp\/v2\/types\/post"}],"author":[{"embeddable":true,"href":"https:\/\/elguanajuatense.vip\/index.php?rest_route=\/wp\/v2\/users\/7"}],"replies":[{"embeddable":true,"href":"https:\/\/elguanajuatense.vip\/index.php?rest_route=%2Fwp%2Fv2%2Fcomments&post=3090"}],"version-history":[{"count":1,"href":"https:\/\/elguanajuatense.vip\/index.php?rest_route=\/wp\/v2\/posts\/3090\/revisions"}],"predecessor-version":[{"id":3092,"href":"https:\/\/elguanajuatense.vip\/index.php?rest_route=\/wp\/v2\/posts\/3090\/revisions\/3092"}],"wp:featuredmedia":[{"embeddable":true,"href":"https:\/\/elguanajuatense.vip\/index.php?rest_route=\/wp\/v2\/media\/3091"}],"wp:attachment":[{"href":"https:\/\/elguanajuatense.vip\/index.php?rest_route=%2Fwp%2Fv2%2Fmedia&parent=3090"}],"wp:term":[{"taxonomy":"category","embeddable":true,"href":"https:\/\/elguanajuatense.vip\/index.php?rest_route=%2Fwp%2Fv2%2Fcategories&post=3090"},{"taxonomy":"post_tag","embeddable":true,"href":"https:\/\/elguanajuatense.vip\/index.php?rest_route=%2Fwp%2Fv2%2Ftags&post=3090"}],"curies":[{"name":"wp","href":"https:\/\/api.w.org\/{rel}","templated":true}]}}