{"id":3256,"date":"2022-06-10T15:57:26","date_gmt":"2022-06-10T20:57:26","guid":{"rendered":"http:\/\/elguanajuatense.vip\/?p=3256"},"modified":"2022-06-10T15:57:27","modified_gmt":"2022-06-10T20:57:27","slug":"visita-lorena-alfaro-comunidades-de-el-garbanzo-y-el-comederito","status":"publish","type":"post","link":"https:\/\/elguanajuatense.vip\/?p=3256","title":{"rendered":"Visita Lorena Alfaro, comunidades de El Garbanzo y El Comederito"},"content":{"rendered":"\n<p><strong>#Irapuato, #Gto<\/strong>.- La alcaldesa de Irapuato, Lorena Alfaro, visit\u00f3 las comunidades de El Garbanzo y El Comederito, pudimos darles la buena noticia a sus habitantes de que contar\u00e1n con captadores de agua pluvial que les servir\u00e1 tambi\u00e9n para su consumo humano, dijo. <\/p>\n\n\n\n<p>Esto sin duda, es el reflejo del trabajo en equipo de sociedad y gobierno, concluy\u00f3.<\/p>\n\n\n\n<figure class=\"wp-block-image aligncenter size-large is-resized\"><img loading=\"lazy\" decoding=\"async\" src=\"http:\/\/elguanajuatense.vip\/wp-content\/uploads\/2022\/06\/ira2-1024x682.jpg\" alt=\"\" class=\"wp-image-3257\" width=\"523\" height=\"348\" srcset=\"https:\/\/elguanajuatense.vip\/wp-content\/uploads\/2022\/06\/ira2-1024x682.jpg 1024w, https:\/\/elguanajuatense.vip\/wp-content\/uploads\/2022\/06\/ira2-300x200.jpg 300w, https:\/\/elguanajuatense.vip\/wp-content\/uploads\/2022\/06\/ira2-768x512.jpg 768w, https:\/\/elguanajuatense.vip\/wp-content\/uploads\/2022\/06\/ira2-1536x1023.jpg 1536w, https:\/\/elguanajuatense.vip\/wp-content\/uploads\/2022\/06\/ira2-600x400.jpg 600w, https:\/\/elguanajuatense.vip\/wp-content\/uploads\/2022\/06\/ira2.jpg 1600w\" sizes=\"auto, (max-width: 523px) 100vw, 523px\" \/><\/figure>\n\n\n\n<p><strong>#ElGuanajuatenseVIP<\/strong><\/p>\n","protected":false},"excerpt":{"rendered":"<p>#Irapuato, #Gto.- La alcaldesa de Irapuato, Lorena Alfaro, visit\u00f3 las comunidades de El Garbanzo y El Comederito, pudimos darles la<\/p>\n","protected":false},"author":7,"featured_media":3258,"comment_status":"open","ping_status":"open","sticky":false,"template":"","format":"standard","meta":{"colormag_page_container_layout":"default_layout","colormag_page_sidebar_layout":"default_layout","rop_custom_images_group":[],"rop_custom_messages_group":[],"rop_publish_now":"initial","rop_publish_now_accounts":{"facebook_100397929117741_105998571690021":""},"rop_publish_now_history":[],"rop_publish_now_status":"pending","footnotes":""},"categories":[28],"tags":[31,60,45,42,59,30,57,38,39,40,41],"class_list":["post-3256","post","type-post","status-publish","format-standard","has-post-thumbnail","hentry","category-alcaldesas","tag-diego-sinhue-rodriguez","tag-dif-irapuato","tag-el-guanajuatense-vip","tag-en-vivo","tag-gobierno-de-irapuato","tag-guanajuato-gobierno-del-estado","tag-lorena-alfaro-garcia","tag-redes-sociales","tag-ultima-hora","tag-ultimas-noticias","tag-ultimo-minuto"],"_links":{"self":[{"href":"https:\/\/elguanajuatense.vip\/index.php?rest_route=\/wp\/v2\/posts\/3256","targetHints":{"allow":["GET"]}}],"collection":[{"href":"https:\/\/elguanajuatense.vip\/index.php?rest_route=\/wp\/v2\/posts"}],"about":[{"href":"https:\/\/elguanajuatense.vip\/index.php?rest_route=\/wp\/v2\/types\/post"}],"author":[{"embeddable":true,"href":"https:\/\/elguanajuatense.vip\/index.php?rest_route=\/wp\/v2\/users\/7"}],"replies":[{"embeddable":true,"href":"https:\/\/elguanajuatense.vip\/index.php?rest_route=%2Fwp%2Fv2%2Fcomments&post=3256"}],"version-history":[{"count":1,"href":"https:\/\/elguanajuatense.vip\/index.php?rest_route=\/wp\/v2\/posts\/3256\/revisions"}],"predecessor-version":[{"id":3259,"href":"https:\/\/elguanajuatense.vip\/index.php?rest_route=\/wp\/v2\/posts\/3256\/revisions\/3259"}],"wp:featuredmedia":[{"embeddable":true,"href":"https:\/\/elguanajuatense.vip\/index.php?rest_route=\/wp\/v2\/media\/3258"}],"wp:attachment":[{"href":"https:\/\/elguanajuatense.vip\/index.php?rest_route=%2Fwp%2Fv2%2Fmedia&parent=3256"}],"wp:term":[{"taxonomy":"category","embeddable":true,"href":"https:\/\/elguanajuatense.vip\/index.php?rest_route=%2Fwp%2Fv2%2Fcategories&post=3256"},{"taxonomy":"post_tag","embeddable":true,"href":"https:\/\/elguanajuatense.vip\/index.php?rest_route=%2Fwp%2Fv2%2Ftags&post=3256"}],"curies":[{"name":"wp","href":"https:\/\/api.w.org\/{rel}","templated":true}]}}