{"id":3260,"date":"2022-06-13T11:06:06","date_gmt":"2022-06-13T16:06:06","guid":{"rendered":"http:\/\/elguanajuatense.vip\/?p=3260"},"modified":"2022-06-13T11:06:07","modified_gmt":"2022-06-13T16:06:07","slug":"presenta-san-pancho-su-2a-feria-nacional-del-sombrero","status":"publish","type":"post","link":"https:\/\/elguanajuatense.vip\/?p=3260","title":{"rendered":"Presenta San Pancho su 2\u00aa. Feria Nacional del Sombrero"},"content":{"rendered":"\n<p><strong>#SanFranciscoDelRinc\u00f3n, #Gto<\/strong>.- El Gobernador de Guanajuato, Diego Sinhue Rodr\u00edguez Vallejo, inaugur\u00f3 la Segunda Edici\u00f3n de la Feria Nacional del Sombrero, donde se mostrar\u00e1 la industria, la historia y la identidad local, fusionadas con la cultura, la econom\u00eda y la gastronom\u00eda.<\/p>\n\n\n\n<p>Se trata, dijo el Gobernador, de una feria joven de identidad y con un gran potencial para convertirse en un evento que ocupe el calendario del patrimonio cultural de Guanajuato.<\/p>\n\n\n\n<p>\u201cEsta feria, m\u00e1s que una derrama econ\u00f3mica, es un tema de identidad. No puede haber una naci\u00f3n, estado o municipio que no tenga una identidad, pues estar\u00eda destinado a desaparecer; en San Francisco del Rinc\u00f3n se debe fortalecer la identidad con habitantes de esta regi\u00f3n.<\/p>\n\n\n\n<p>\u201cLa gente espera mucho de esta feria, hay cohesi\u00f3n entre los municipios y desde ah\u00ed se genera cohesi\u00f3n entre regiones; esta identidad tenemos que fortalecerla, para que esta feria prospere para bien de todos. Es importante apropiarnos de esta identidad francorrinconense\u201d, dijo el Gobernador.<\/p>\n\n\n\n<p>Esta feria ser\u00e1 del 10 al 12 de junio, con el estado de Tamaulipas y el municipio de Jerez, Zacatecas, como invitados de honor, donde se espera la asistencia de 15 mil personas y una derrama econ\u00f3mica de alrededor de 5.5 millones de pesos.<\/p>\n\n\n\n<p>San Francisco del Rinc\u00f3n cuenta con la Denominaci\u00f3n de Origen para fabricar sombreros; tiene registrada una marca colectiva ante el Instituto Mexicano de la Propiedad Industrial: La marca \u201cSombreros de San Pancho, Pueblos del Rinc\u00f3n\u201d, adem\u00e1s, cuenta con el distintivo de origen \u201cMarca Guanajuato\u201d, que reconoce la calidad de los productos guanajuatenses.<\/p>\n\n\n\n<p><strong>#ElGuanajuatenseVIP<\/strong><\/p>\n","protected":false},"excerpt":{"rendered":"<p>#SanFranciscoDelRinc\u00f3n, #Gto.- El Gobernador de Guanajuato, Diego Sinhue Rodr\u00edguez Vallejo, inaugur\u00f3 la Segunda Edici\u00f3n de la Feria Nacional del Sombrero,<\/p>\n","protected":false},"author":7,"featured_media":3261,"comment_status":"open","ping_status":"open","sticky":false,"template":"","format":"standard","meta":{"colormag_page_container_layout":"default_layout","colormag_page_sidebar_layout":"default_layout","rop_custom_images_group":[],"rop_custom_messages_group":[],"rop_publish_now":"initial","rop_publish_now_accounts":{"facebook_100397929117741_105998571690021":""},"rop_publish_now_history":[],"rop_publish_now_status":"pending","footnotes":""},"categories":[7],"tags":[37,31,45,42,30,38,39,40,41],"class_list":["post-3260","post","type-post","status-publish","format-standard","has-post-thumbnail","hentry","category-principales","tag-comunicacion-social-gobierno-de-guanajuato","tag-diego-sinhue-rodriguez","tag-el-guanajuatense-vip","tag-en-vivo","tag-guanajuato-gobierno-del-estado","tag-redes-sociales","tag-ultima-hora","tag-ultimas-noticias","tag-ultimo-minuto"],"_links":{"self":[{"href":"https:\/\/elguanajuatense.vip\/index.php?rest_route=\/wp\/v2\/posts\/3260","targetHints":{"allow":["GET"]}}],"collection":[{"href":"https:\/\/elguanajuatense.vip\/index.php?rest_route=\/wp\/v2\/posts"}],"about":[{"href":"https:\/\/elguanajuatense.vip\/index.php?rest_route=\/wp\/v2\/types\/post"}],"author":[{"embeddable":true,"href":"https:\/\/elguanajuatense.vip\/index.php?rest_route=\/wp\/v2\/users\/7"}],"replies":[{"embeddable":true,"href":"https:\/\/elguanajuatense.vip\/index.php?rest_route=%2Fwp%2Fv2%2Fcomments&post=3260"}],"version-history":[{"count":1,"href":"https:\/\/elguanajuatense.vip\/index.php?rest_route=\/wp\/v2\/posts\/3260\/revisions"}],"predecessor-version":[{"id":3262,"href":"https:\/\/elguanajuatense.vip\/index.php?rest_route=\/wp\/v2\/posts\/3260\/revisions\/3262"}],"wp:featuredmedia":[{"embeddable":true,"href":"https:\/\/elguanajuatense.vip\/index.php?rest_route=\/wp\/v2\/media\/3261"}],"wp:attachment":[{"href":"https:\/\/elguanajuatense.vip\/index.php?rest_route=%2Fwp%2Fv2%2Fmedia&parent=3260"}],"wp:term":[{"taxonomy":"category","embeddable":true,"href":"https:\/\/elguanajuatense.vip\/index.php?rest_route=%2Fwp%2Fv2%2Fcategories&post=3260"},{"taxonomy":"post_tag","embeddable":true,"href":"https:\/\/elguanajuatense.vip\/index.php?rest_route=%2Fwp%2Fv2%2Ftags&post=3260"}],"curies":[{"name":"wp","href":"https:\/\/api.w.org\/{rel}","templated":true}]}}