{"id":3300,"date":"2022-06-15T12:23:19","date_gmt":"2022-06-15T17:23:19","guid":{"rendered":"http:\/\/elguanajuatense.vip\/?p=3300"},"modified":"2022-06-16T14:43:10","modified_gmt":"2022-06-16T19:43:10","slug":"entrega-presidente-municipal-de-silao-uniformes-a-personal-operativo-del-sapas","status":"publish","type":"post","link":"https:\/\/elguanajuatense.vip\/?p=3300","title":{"rendered":"Entrega presidente municipal de Silao uniformes a personal operativo del SAPAS"},"content":{"rendered":"\n<p class=\"wp-block-paragraph\"><strong>#Silao, #Gto<\/strong>.- El Presidente Municipal de Silao Carlos Garc\u00eda Villase\u00f1or entreg\u00f3 junto a Mario L\u00f3pez Remus director del Sapas uniformes para el personal operativo. El primer edil reconoci\u00f3 el trabajo de la gente que trabaja en el Sistema de Agua Potable y Alcantarillado de Silao recorriendo, atendiendo y dando soluci\u00f3n a la ciudadan\u00eda. <\/p>\n\n\n\n<p class=\"wp-block-paragraph\">\u00abUna vez que se pongan la camiseta si\u00e9ntanse orgullosos de ser de Sapas, de estar aqu\u00ed, porque ustedes son los que siempre est\u00e1n al pie del ca\u00f1\u00f3n atendiendo a la gente\u00bb, dijo <strong>#CarlosGarc\u00edaVillase\u00f1or<\/strong>. <\/p>\n\n\n\n<p class=\"wp-block-paragraph\">El Presidente Municipal coment\u00f3 que Sapas y el Gobierno Municipal deben trabajar de la mano para dotar de l\u00edquido a todos y cada uno de los silaoenses y generar recursos para llevar a cabo acciones que beneficien a la sociedad.<\/p>\n\n\n\n<p class=\"wp-block-paragraph\"><strong>#ElGuanajuatenseVIP<\/strong><\/p>\n","protected":false},"excerpt":{"rendered":"<p>#Silao, #Gto.- El Presidente Municipal de Silao Carlos Garc\u00eda Villase\u00f1or entreg\u00f3 junto a Mario L\u00f3pez Remus director del Sapas uniformes<\/p>\n","protected":false},"author":7,"featured_media":3301,"comment_status":"open","ping_status":"open","sticky":false,"template":"","format":"standard","meta":{"colormag_page_container_layout":"default_layout","colormag_page_sidebar_layout":"default_layout","rop_custom_images_group":[],"rop_custom_messages_group":[],"rop_publish_now":"initial","rop_publish_now_accounts":{"facebook_100397929117741_105998571690021":""},"rop_publish_now_history":[],"rop_publish_now_status":"pending","footnotes":""},"categories":[26],"tags":[89,31,90,45,42,30,38,88,39,40,41],"class_list":["post-3300","post","type-post","status-publish","format-standard","has-post-thumbnail","hentry","category-municipios","tag-carlos-garcia-villasenor","tag-diego-sinhue-rodriguez","tag-dif-silao","tag-el-guanajuatense-vip","tag-en-vivo","tag-guanajuato-gobierno-del-estado","tag-redes-sociales","tag-silao-municipio","tag-ultima-hora","tag-ultimas-noticias","tag-ultimo-minuto"],"_links":{"self":[{"href":"https:\/\/elguanajuatense.vip\/index.php?rest_route=\/wp\/v2\/posts\/3300","targetHints":{"allow":["GET"]}}],"collection":[{"href":"https:\/\/elguanajuatense.vip\/index.php?rest_route=\/wp\/v2\/posts"}],"about":[{"href":"https:\/\/elguanajuatense.vip\/index.php?rest_route=\/wp\/v2\/types\/post"}],"author":[{"embeddable":true,"href":"https:\/\/elguanajuatense.vip\/index.php?rest_route=\/wp\/v2\/users\/7"}],"replies":[{"embeddable":true,"href":"https:\/\/elguanajuatense.vip\/index.php?rest_route=%2Fwp%2Fv2%2Fcomments&post=3300"}],"version-history":[{"count":2,"href":"https:\/\/elguanajuatense.vip\/index.php?rest_route=\/wp\/v2\/posts\/3300\/revisions"}],"predecessor-version":[{"id":3315,"href":"https:\/\/elguanajuatense.vip\/index.php?rest_route=\/wp\/v2\/posts\/3300\/revisions\/3315"}],"wp:featuredmedia":[{"embeddable":true,"href":"https:\/\/elguanajuatense.vip\/index.php?rest_route=\/wp\/v2\/media\/3301"}],"wp:attachment":[{"href":"https:\/\/elguanajuatense.vip\/index.php?rest_route=%2Fwp%2Fv2%2Fmedia&parent=3300"}],"wp:term":[{"taxonomy":"category","embeddable":true,"href":"https:\/\/elguanajuatense.vip\/index.php?rest_route=%2Fwp%2Fv2%2Fcategories&post=3300"},{"taxonomy":"post_tag","embeddable":true,"href":"https:\/\/elguanajuatense.vip\/index.php?rest_route=%2Fwp%2Fv2%2Ftags&post=3300"}],"curies":[{"name":"wp","href":"https:\/\/api.w.org\/{rel}","templated":true}]}}