{"id":3329,"date":"2022-06-20T11:05:53","date_gmt":"2022-06-20T16:05:53","guid":{"rendered":"http:\/\/elguanajuatense.vip\/?p=3329"},"modified":"2022-06-20T11:05:53","modified_gmt":"2022-06-20T16:05:53","slug":"inaugura-municipio-de-guanajuato-tercera-expo-agricola-pecuaria","status":"publish","type":"post","link":"https:\/\/elguanajuatense.vip\/?p=3329","title":{"rendered":"Inaugura municipio de Guanajuato, tercera Expo Agr\u00edcola Pecuaria"},"content":{"rendered":"\n<p><strong>#Guanajuato, #Gto<\/strong>.- El Presidente Municipal, Alejandro Navarro, inaugur\u00f3 la tercera Expo Agr\u00edcola Pecuaria en los pastitos, donde estar\u00e1 una semana como parte del programa de las Fiestas de San Juan y Presa de la Olla.<\/p>\n\n\n\n<figure class=\"wp-block-image aligncenter size-large is-resized\"><img loading=\"lazy\" decoding=\"async\" src=\"http:\/\/elguanajuatense.vip\/wp-content\/uploads\/2022\/06\/guanam2-1-1024x683.jpg\" alt=\"\" class=\"wp-image-3331\" width=\"489\" height=\"326\" srcset=\"https:\/\/elguanajuatense.vip\/wp-content\/uploads\/2022\/06\/guanam2-1-1024x683.jpg 1024w, https:\/\/elguanajuatense.vip\/wp-content\/uploads\/2022\/06\/guanam2-1-300x200.jpg 300w, https:\/\/elguanajuatense.vip\/wp-content\/uploads\/2022\/06\/guanam2-1-768x512.jpg 768w, https:\/\/elguanajuatense.vip\/wp-content\/uploads\/2022\/06\/guanam2-1-600x400.jpg 600w, https:\/\/elguanajuatense.vip\/wp-content\/uploads\/2022\/06\/guanam2-1.jpg 1296w\" sizes=\"auto, (max-width: 489px) 100vw, 489px\" \/><\/figure>\n\n\n\n<p><strong>#ElGuanajuatenseVIP<\/strong><\/p>\n","protected":false},"excerpt":{"rendered":"<p>#Guanajuato, #Gto.- El Presidente Municipal, Alejandro Navarro, inaugur\u00f3 la tercera Expo Agr\u00edcola Pecuaria en los pastitos, donde estar\u00e1 una semana<\/p>\n","protected":false},"author":7,"featured_media":3330,"comment_status":"open","ping_status":"open","sticky":false,"template":"","format":"standard","meta":{"colormag_page_container_layout":"default_layout","colormag_page_sidebar_layout":"default_layout","rop_custom_images_group":[],"rop_custom_messages_group":[],"rop_publish_now":"initial","rop_publish_now_accounts":{"facebook_100397929117741_105998571690021":""},"rop_publish_now_history":[],"rop_publish_now_status":"pending","footnotes":""},"categories":[27],"tags":[84,31,45,42,83,30,38,39,40,41],"class_list":["post-3329","post","type-post","status-publish","format-standard","has-post-thumbnail","hentry","category-municipios-destacados","tag-alejandro-navarro-saldana","tag-diego-sinhue-rodriguez","tag-el-guanajuatense-vip","tag-en-vivo","tag-gobierno-municipal-de-guanajuato","tag-guanajuato-gobierno-del-estado","tag-redes-sociales","tag-ultima-hora","tag-ultimas-noticias","tag-ultimo-minuto"],"_links":{"self":[{"href":"https:\/\/elguanajuatense.vip\/index.php?rest_route=\/wp\/v2\/posts\/3329","targetHints":{"allow":["GET"]}}],"collection":[{"href":"https:\/\/elguanajuatense.vip\/index.php?rest_route=\/wp\/v2\/posts"}],"about":[{"href":"https:\/\/elguanajuatense.vip\/index.php?rest_route=\/wp\/v2\/types\/post"}],"author":[{"embeddable":true,"href":"https:\/\/elguanajuatense.vip\/index.php?rest_route=\/wp\/v2\/users\/7"}],"replies":[{"embeddable":true,"href":"https:\/\/elguanajuatense.vip\/index.php?rest_route=%2Fwp%2Fv2%2Fcomments&post=3329"}],"version-history":[{"count":1,"href":"https:\/\/elguanajuatense.vip\/index.php?rest_route=\/wp\/v2\/posts\/3329\/revisions"}],"predecessor-version":[{"id":3332,"href":"https:\/\/elguanajuatense.vip\/index.php?rest_route=\/wp\/v2\/posts\/3329\/revisions\/3332"}],"wp:featuredmedia":[{"embeddable":true,"href":"https:\/\/elguanajuatense.vip\/index.php?rest_route=\/wp\/v2\/media\/3330"}],"wp:attachment":[{"href":"https:\/\/elguanajuatense.vip\/index.php?rest_route=%2Fwp%2Fv2%2Fmedia&parent=3329"}],"wp:term":[{"taxonomy":"category","embeddable":true,"href":"https:\/\/elguanajuatense.vip\/index.php?rest_route=%2Fwp%2Fv2%2Fcategories&post=3329"},{"taxonomy":"post_tag","embeddable":true,"href":"https:\/\/elguanajuatense.vip\/index.php?rest_route=%2Fwp%2Fv2%2Ftags&post=3329"}],"curies":[{"name":"wp","href":"https:\/\/api.w.org\/{rel}","templated":true}]}}