{"id":3400,"date":"2022-06-27T20:25:19","date_gmt":"2022-06-28T01:25:19","guid":{"rendered":"http:\/\/elguanajuatense.vip\/?p=3400"},"modified":"2022-06-27T20:25:19","modified_gmt":"2022-06-28T01:25:19","slug":"dif-celaya-integra-equipo-de-voluntariado-para-llegar-a-mas-ciudadanos","status":"publish","type":"post","link":"https:\/\/elguanajuatense.vip\/?p=3400","title":{"rendered":"DIF Celaya integra equipo de voluntariado para llegar a m\u00e1s ciudadanos"},"content":{"rendered":"\n<p><strong>#Celaya, #Gto<\/strong>.- La ma\u00f1ana de este lunes en el sistema DIF Celaya se realiz\u00f3 la presentaci\u00f3n, integraci\u00f3n y abotonamiento del equipo de voluntariado que se suma al trabajo realizado dentro de esta dependencia.<\/p>\n\n\n\n<p>El evento estuvo encabezado por el Presidente Municipal de Celaya, Francisco Javier Mendoza M\u00e1rquez, la S\u00edndico Mar\u00eda de la Salud Rodriguez Garc\u00eda, la Directora General de DIF, Mar\u00eda del Carmen N\u00fa\u00f1ez Mares y su Presidenta, Rosa Mar\u00eda Su\u00e1rez de Mendoza, as\u00ed como la Coordinadora de Voluntariado, Marlene Ram\u00edrez Suaste.<\/p>\n\n\n\n<p>Durante su mensaje, el Presidente Municipal agradeci\u00f3 esta conformaci\u00f3n y record\u00f3 que ayudar a los dem\u00e1s es una de las mejores formas de contribuir a cambios positivos dentro de la sociedad.<\/p>\n\n\n\n<p>\u201cMuchas familias celayenses, ni\u00f1os, ni\u00f1as, j\u00f3venes, hombres y mujeres siempre necesitan un impulso para salir adelante, y son muchos los corazones que tenemos que sumarnos, llevar ese mensaje de esperanza, que las cosas pueden estar mejor y llegar a esas personas vulnerables que no pueden movilizarse y pedir apoyo\u201d<\/p>\n\n\n\n<p><strong>#ElGuanajuatenseVIP<\/strong><\/p>\n","protected":false},"excerpt":{"rendered":"<p>#Celaya, #Gto.- La ma\u00f1ana de este lunes en el sistema DIF Celaya se realiz\u00f3 la presentaci\u00f3n, integraci\u00f3n y abotonamiento del<\/p>\n","protected":false},"author":7,"featured_media":3401,"comment_status":"open","ping_status":"open","sticky":false,"template":"","format":"standard","meta":{"colormag_page_container_layout":"default_layout","colormag_page_sidebar_layout":"default_layout","rop_custom_images_group":[],"rop_custom_messages_group":[],"rop_publish_now":"initial","rop_publish_now_accounts":{"facebook_100397929117741_105998571690021":""},"rop_publish_now_history":[],"rop_publish_now_status":"pending","footnotes":""},"categories":[27],"tags":[37,31,65,45,42,105,63,38,39,40,41],"class_list":["post-3400","post","type-post","status-publish","format-standard","has-post-thumbnail","hentry","category-municipios-destacados","tag-comunicacion-social-gobierno-de-guanajuato","tag-diego-sinhue-rodriguez","tag-dif-celaya","tag-el-guanajuatense-vip","tag-en-vivo","tag-javier-mendoza-marquez","tag-municipio-de-celaya","tag-redes-sociales","tag-ultima-hora","tag-ultimas-noticias","tag-ultimo-minuto"],"_links":{"self":[{"href":"https:\/\/elguanajuatense.vip\/index.php?rest_route=\/wp\/v2\/posts\/3400","targetHints":{"allow":["GET"]}}],"collection":[{"href":"https:\/\/elguanajuatense.vip\/index.php?rest_route=\/wp\/v2\/posts"}],"about":[{"href":"https:\/\/elguanajuatense.vip\/index.php?rest_route=\/wp\/v2\/types\/post"}],"author":[{"embeddable":true,"href":"https:\/\/elguanajuatense.vip\/index.php?rest_route=\/wp\/v2\/users\/7"}],"replies":[{"embeddable":true,"href":"https:\/\/elguanajuatense.vip\/index.php?rest_route=%2Fwp%2Fv2%2Fcomments&post=3400"}],"version-history":[{"count":1,"href":"https:\/\/elguanajuatense.vip\/index.php?rest_route=\/wp\/v2\/posts\/3400\/revisions"}],"predecessor-version":[{"id":3402,"href":"https:\/\/elguanajuatense.vip\/index.php?rest_route=\/wp\/v2\/posts\/3400\/revisions\/3402"}],"wp:featuredmedia":[{"embeddable":true,"href":"https:\/\/elguanajuatense.vip\/index.php?rest_route=\/wp\/v2\/media\/3401"}],"wp:attachment":[{"href":"https:\/\/elguanajuatense.vip\/index.php?rest_route=%2Fwp%2Fv2%2Fmedia&parent=3400"}],"wp:term":[{"taxonomy":"category","embeddable":true,"href":"https:\/\/elguanajuatense.vip\/index.php?rest_route=%2Fwp%2Fv2%2Fcategories&post=3400"},{"taxonomy":"post_tag","embeddable":true,"href":"https:\/\/elguanajuatense.vip\/index.php?rest_route=%2Fwp%2Fv2%2Ftags&post=3400"}],"curies":[{"name":"wp","href":"https:\/\/api.w.org\/{rel}","templated":true}]}}