{"id":3467,"date":"2022-07-04T21:06:13","date_gmt":"2022-07-05T02:06:13","guid":{"rendered":"http:\/\/elguanajuatense.vip\/?p=3467"},"modified":"2022-07-04T21:06:14","modified_gmt":"2022-07-05T02:06:14","slug":"preside-cesar-prieto-y-smaot-mesa-de-trabajo-en-pro-del-medio-ambiente","status":"publish","type":"post","link":"https:\/\/elguanajuatense.vip\/?p=3467","title":{"rendered":"Preside C\u00e9sar Prieto y SMAOT mesa de trabajo en pro del medio ambiente"},"content":{"rendered":"\n<p><strong>#Salamanca, #Gto<\/strong>. En seguimiento a la actualizaci\u00f3n del Programa de Contingencias Ambientales Atmosf\u00e9ricas para la ciudad de Salamanca, llevaron a cabo una mesa de trabajo entre autoridades de los tres \u00f3rdenes de gobierno y representantes de las empresas productivas del estado.<\/p>\n\n\n\n<p>Este di\u00e1logo estuvo encabezado por el presidente municipal C\u00e9sar Prieto, la titular de la Secretar\u00eda de Medio Ambiente y Ordenamiento Territorial (SMAOT), Mar\u00eda Isabel Ortiz Mantilla; el Procurador Ambiental de Ordenamiento Territorial (PAOT), Gerardo Morales Moncada; integrantes de la Central Termoel\u00e9ctrica, la Refiner\u00eda Ingeniero Antonio M. Amor, (RIAMA); representantes de la Secretar\u00eda de Medio Ambiente y Recursos Naturales (Semarnat) y la Agencia de Seguridad, Energ\u00eda y Ambiente (ASEA).<\/p>\n\n\n\n<p>El Presidente Municipal y la Secretar\u00eda reconocieron la apertura y disposici\u00f3n de los actores participantes para llegar a acuerdos que brinden a los salmantinos y guanajuatenses mejores condiciones de vida a trav\u00e9s del aire que respiran.<\/p>\n\n\n\n<p>El objetivo principal de la reuni\u00f3n fue sumar esfuerzos en la implementaci\u00f3n de acciones que prioricen el preservar el medio ambiente y prevenir situaciones que pongan en riesgo la salud de la poblaci\u00f3n.<\/p>\n\n\n\n<p><strong>#ElGuanajuatenseVIP<\/strong><\/p>\n","protected":false},"excerpt":{"rendered":"<p>#Salamanca, #Gto. En seguimiento a la actualizaci\u00f3n del Programa de Contingencias Ambientales Atmosf\u00e9ricas para la ciudad de Salamanca, llevaron a<\/p>\n","protected":false},"author":7,"featured_media":3468,"comment_status":"open","ping_status":"open","sticky":false,"template":"","format":"standard","meta":{"colormag_page_container_layout":"default_layout","colormag_page_sidebar_layout":"default_layout","rop_custom_images_group":[],"rop_custom_messages_group":[],"rop_publish_now":"initial","rop_publish_now_accounts":{"facebook_100397929117741_105998571690021":""},"rop_publish_now_history":[],"rop_publish_now_status":"pending","footnotes":""},"categories":[27],"tags":[85,31,87,45,42,30,86,38,39,40,41],"class_list":["post-3467","post","type-post","status-publish","format-standard","has-post-thumbnail","hentry","category-municipios-destacados","tag-cesar-prieto-gallardo","tag-diego-sinhue-rodriguez","tag-dif-salamanca","tag-el-guanajuatense-vip","tag-en-vivo","tag-guanajuato-gobierno-del-estado","tag-presidencia-municipal-de-salamanca","tag-redes-sociales","tag-ultima-hora","tag-ultimas-noticias","tag-ultimo-minuto"],"_links":{"self":[{"href":"https:\/\/elguanajuatense.vip\/index.php?rest_route=\/wp\/v2\/posts\/3467","targetHints":{"allow":["GET"]}}],"collection":[{"href":"https:\/\/elguanajuatense.vip\/index.php?rest_route=\/wp\/v2\/posts"}],"about":[{"href":"https:\/\/elguanajuatense.vip\/index.php?rest_route=\/wp\/v2\/types\/post"}],"author":[{"embeddable":true,"href":"https:\/\/elguanajuatense.vip\/index.php?rest_route=\/wp\/v2\/users\/7"}],"replies":[{"embeddable":true,"href":"https:\/\/elguanajuatense.vip\/index.php?rest_route=%2Fwp%2Fv2%2Fcomments&post=3467"}],"version-history":[{"count":1,"href":"https:\/\/elguanajuatense.vip\/index.php?rest_route=\/wp\/v2\/posts\/3467\/revisions"}],"predecessor-version":[{"id":3469,"href":"https:\/\/elguanajuatense.vip\/index.php?rest_route=\/wp\/v2\/posts\/3467\/revisions\/3469"}],"wp:featuredmedia":[{"embeddable":true,"href":"https:\/\/elguanajuatense.vip\/index.php?rest_route=\/wp\/v2\/media\/3468"}],"wp:attachment":[{"href":"https:\/\/elguanajuatense.vip\/index.php?rest_route=%2Fwp%2Fv2%2Fmedia&parent=3467"}],"wp:term":[{"taxonomy":"category","embeddable":true,"href":"https:\/\/elguanajuatense.vip\/index.php?rest_route=%2Fwp%2Fv2%2Fcategories&post=3467"},{"taxonomy":"post_tag","embeddable":true,"href":"https:\/\/elguanajuatense.vip\/index.php?rest_route=%2Fwp%2Fv2%2Ftags&post=3467"}],"curies":[{"name":"wp","href":"https:\/\/api.w.org\/{rel}","templated":true}]}}