{"id":3518,"date":"2022-07-08T13:06:53","date_gmt":"2022-07-08T18:06:53","guid":{"rendered":"http:\/\/elguanajuatense.vip\/?p=3518"},"modified":"2022-07-08T13:06:53","modified_gmt":"2022-07-08T18:06:53","slug":"dif-celaya-organiza-encuentro-entre-ninos-y-ninas-con-elementos-de-la-secretaria-de-seguridad-ciudadana","status":"publish","type":"post","link":"https:\/\/elguanajuatense.vip\/?p=3518","title":{"rendered":"DIF Celaya organiza encuentro entre ni\u00f1os y ni\u00f1as con elementos de la Secretar\u00eda de Seguridad Ciudadana"},"content":{"rendered":"\n<p><strong>#Celaya, #Gto<\/strong>.- Funcionarios p\u00fablicos del \u00e1rea de Protecci\u00f3n Civil, Polic\u00eda Municipal, Tr\u00e1nsito y Bomberos, visitaron el Centro de Atenci\u00f3n Infantil de DIF Celaya ubicado en la calle de Campeche 204 esquina con Pachuca, de la colonia Villa de los Reyes.<\/p>\n\n\n\n<p>Marlene Ram\u00edrez Suaste coordinadora del \u00e1rea de Voluntariado del Sistema para el Desarrollo Integral de la Familia dijo que esto se hace con el fin de que nuestros ni\u00f1os conozcan sobre la labor que se realiza en materia de seguridad por parte de sus diferentes \u00e1reas.<\/p>\n\n\n\n<p>Y es que a los ni\u00f1os y ni\u00f1as les encant\u00f3 pasar tiempo con los bomberos y preguntaban sobre su actuar ante las emergencias que se presentan en la ciudad.<\/p>\n\n\n\n<p>\u201cMe parece que algo muy importante que est\u00e1 haciendo esta administraci\u00f3n p\u00fablica municipal es acercarse no solo a los ciudadanos, sino tambi\u00e9n a nuestra infancia. A nuestros ni\u00f1os, ni\u00f1as y adolescentes que son tomados en cuenta y son uno de los principales motores para DIF\u201d.<\/p>\n\n\n\n<p>\u201cCreo que todo lo que tiene que ver con la seguridad de nuestra ciudad inicia en casa, creo que toda soluci\u00f3n a la violencia que vivimos esta precisamente en la educaci\u00f3n que le damos a nuestras nuevas generaciones y estas acciones suman al respeto y los valores que se deben dar en casa\u201d, dijo.<\/p>\n\n\n\n<p><strong>#ElGuanajuatenseVIP<\/strong><\/p>\n","protected":false},"excerpt":{"rendered":"<p>#Celaya, #Gto.- Funcionarios p\u00fablicos del \u00e1rea de Protecci\u00f3n Civil, Polic\u00eda Municipal, Tr\u00e1nsito y Bomberos, visitaron el Centro de Atenci\u00f3n Infantil<\/p>\n","protected":false},"author":7,"featured_media":3519,"comment_status":"open","ping_status":"open","sticky":false,"template":"","format":"standard","meta":{"colormag_page_container_layout":"default_layout","colormag_page_sidebar_layout":"default_layout","rop_custom_images_group":[],"rop_custom_messages_group":[],"rop_publish_now":"initial","rop_publish_now_accounts":{"facebook_100397929117741_105998571690021":""},"rop_publish_now_history":[],"rop_publish_now_status":"pending","footnotes":""},"categories":[27],"tags":[31,65,45,42,30,105,63,38,39,40,41],"class_list":["post-3518","post","type-post","status-publish","format-standard","has-post-thumbnail","hentry","category-municipios-destacados","tag-diego-sinhue-rodriguez","tag-dif-celaya","tag-el-guanajuatense-vip","tag-en-vivo","tag-guanajuato-gobierno-del-estado","tag-javier-mendoza-marquez","tag-municipio-de-celaya","tag-redes-sociales","tag-ultima-hora","tag-ultimas-noticias","tag-ultimo-minuto"],"_links":{"self":[{"href":"https:\/\/elguanajuatense.vip\/index.php?rest_route=\/wp\/v2\/posts\/3518","targetHints":{"allow":["GET"]}}],"collection":[{"href":"https:\/\/elguanajuatense.vip\/index.php?rest_route=\/wp\/v2\/posts"}],"about":[{"href":"https:\/\/elguanajuatense.vip\/index.php?rest_route=\/wp\/v2\/types\/post"}],"author":[{"embeddable":true,"href":"https:\/\/elguanajuatense.vip\/index.php?rest_route=\/wp\/v2\/users\/7"}],"replies":[{"embeddable":true,"href":"https:\/\/elguanajuatense.vip\/index.php?rest_route=%2Fwp%2Fv2%2Fcomments&post=3518"}],"version-history":[{"count":1,"href":"https:\/\/elguanajuatense.vip\/index.php?rest_route=\/wp\/v2\/posts\/3518\/revisions"}],"predecessor-version":[{"id":3520,"href":"https:\/\/elguanajuatense.vip\/index.php?rest_route=\/wp\/v2\/posts\/3518\/revisions\/3520"}],"wp:featuredmedia":[{"embeddable":true,"href":"https:\/\/elguanajuatense.vip\/index.php?rest_route=\/wp\/v2\/media\/3519"}],"wp:attachment":[{"href":"https:\/\/elguanajuatense.vip\/index.php?rest_route=%2Fwp%2Fv2%2Fmedia&parent=3518"}],"wp:term":[{"taxonomy":"category","embeddable":true,"href":"https:\/\/elguanajuatense.vip\/index.php?rest_route=%2Fwp%2Fv2%2Fcategories&post=3518"},{"taxonomy":"post_tag","embeddable":true,"href":"https:\/\/elguanajuatense.vip\/index.php?rest_route=%2Fwp%2Fv2%2Ftags&post=3518"}],"curies":[{"name":"wp","href":"https:\/\/api.w.org\/{rel}","templated":true}]}}