{"id":3564,"date":"2022-07-13T12:54:21","date_gmt":"2022-07-13T17:54:21","guid":{"rendered":"http:\/\/elguanajuatense.vip\/?p=3564"},"modified":"2022-07-13T12:54:22","modified_gmt":"2022-07-13T17:54:22","slug":"efectua-san-miguel-de-allende-1ra-etapa-del-rally-por-la-juventud","status":"publish","type":"post","link":"https:\/\/elguanajuatense.vip\/?p=3564","title":{"rendered":"Efect\u00faa San Miguel de Allende, 1ra etapa del &#8216;Rally Por La Juventud&#8217;"},"content":{"rendered":"\n<p><strong>#SanMiguelDeAllende, #Gto<\/strong>.- El Gobierno Municipal de San Miguel de Allende, a trav\u00e9s del Instituto Municipal de Atenci\u00f3n a la Juventud, realiz\u00f3 el Rally Por La Juventud, activando a j\u00f3venes de las diferentes secundarias, concluyendo la primera etapa<\/p>\n\n\n\n<figure class=\"wp-block-image aligncenter size-large is-resized\"><img loading=\"lazy\" decoding=\"async\" src=\"http:\/\/elguanajuatense.vip\/wp-content\/uploads\/2022\/07\/sma2-1024x682.jpg\" alt=\"\" class=\"wp-image-3565\" width=\"523\" height=\"348\" srcset=\"https:\/\/elguanajuatense.vip\/wp-content\/uploads\/2022\/07\/sma2-1024x682.jpg 1024w, https:\/\/elguanajuatense.vip\/wp-content\/uploads\/2022\/07\/sma2-300x200.jpg 300w, https:\/\/elguanajuatense.vip\/wp-content\/uploads\/2022\/07\/sma2-768x512.jpg 768w, https:\/\/elguanajuatense.vip\/wp-content\/uploads\/2022\/07\/sma2-600x400.jpg 600w, https:\/\/elguanajuatense.vip\/wp-content\/uploads\/2022\/07\/sma2.jpg 1280w\" sizes=\"auto, (max-width: 523px) 100vw, 523px\" \/><\/figure>\n\n\n\n<p><strong>#ElGuanajuatenseVIP<\/strong><\/p>\n","protected":false},"excerpt":{"rendered":"<p>#SanMiguelDeAllende, #Gto.- El Gobierno Municipal de San Miguel de Allende, a trav\u00e9s del Instituto Municipal de Atenci\u00f3n a la Juventud,<\/p>\n","protected":false},"author":7,"featured_media":3566,"comment_status":"open","ping_status":"open","sticky":false,"template":"","format":"standard","meta":{"colormag_page_container_layout":"default_layout","colormag_page_sidebar_layout":"default_layout","rop_custom_images_group":[],"rop_custom_messages_group":[],"rop_publish_now":"initial","rop_publish_now_accounts":{"facebook_100397929117741_105998571690021":""},"rop_publish_now_history":[],"rop_publish_now_status":"pending","footnotes":""},"categories":[27],"tags":[31,107,45,42,83,106,30,38,39,40,41],"class_list":["post-3564","post","type-post","status-publish","format-standard","has-post-thumbnail","hentry","category-municipios-destacados","tag-diego-sinhue-rodriguez","tag-dif-san-miguel-de-allende","tag-el-guanajuatense-vip","tag-en-vivo","tag-gobierno-municipal-de-guanajuato","tag-gobierno-municipal-de-san-miguel-de-allende-2021-2024","tag-guanajuato-gobierno-del-estado","tag-redes-sociales","tag-ultima-hora","tag-ultimas-noticias","tag-ultimo-minuto"],"_links":{"self":[{"href":"https:\/\/elguanajuatense.vip\/index.php?rest_route=\/wp\/v2\/posts\/3564","targetHints":{"allow":["GET"]}}],"collection":[{"href":"https:\/\/elguanajuatense.vip\/index.php?rest_route=\/wp\/v2\/posts"}],"about":[{"href":"https:\/\/elguanajuatense.vip\/index.php?rest_route=\/wp\/v2\/types\/post"}],"author":[{"embeddable":true,"href":"https:\/\/elguanajuatense.vip\/index.php?rest_route=\/wp\/v2\/users\/7"}],"replies":[{"embeddable":true,"href":"https:\/\/elguanajuatense.vip\/index.php?rest_route=%2Fwp%2Fv2%2Fcomments&post=3564"}],"version-history":[{"count":1,"href":"https:\/\/elguanajuatense.vip\/index.php?rest_route=\/wp\/v2\/posts\/3564\/revisions"}],"predecessor-version":[{"id":3567,"href":"https:\/\/elguanajuatense.vip\/index.php?rest_route=\/wp\/v2\/posts\/3564\/revisions\/3567"}],"wp:featuredmedia":[{"embeddable":true,"href":"https:\/\/elguanajuatense.vip\/index.php?rest_route=\/wp\/v2\/media\/3566"}],"wp:attachment":[{"href":"https:\/\/elguanajuatense.vip\/index.php?rest_route=%2Fwp%2Fv2%2Fmedia&parent=3564"}],"wp:term":[{"taxonomy":"category","embeddable":true,"href":"https:\/\/elguanajuatense.vip\/index.php?rest_route=%2Fwp%2Fv2%2Fcategories&post=3564"},{"taxonomy":"post_tag","embeddable":true,"href":"https:\/\/elguanajuatense.vip\/index.php?rest_route=%2Fwp%2Fv2%2Ftags&post=3564"}],"curies":[{"name":"wp","href":"https:\/\/api.w.org\/{rel}","templated":true}]}}