{"id":3668,"date":"2022-07-22T10:36:40","date_gmt":"2022-07-22T15:36:40","guid":{"rendered":"http:\/\/elguanajuatense.vip\/?p=3668"},"modified":"2022-07-22T10:36:40","modified_gmt":"2022-07-22T15:36:40","slug":"realizan-en-guanajuato-reunion-sobre-prevencion-de-la-violencia-y-delincuencia","status":"publish","type":"post","link":"https:\/\/elguanajuatense.vip\/?p=3668","title":{"rendered":"Realizan en Guanajuato reuni\u00f3n sobre prevenci\u00f3n de la violencia y delincuencia"},"content":{"rendered":"\n<p><strong>#Guanajuato, #Gto<\/strong>.- Directoras y directores de las diferentes \u00e1reas del Gobierno Municipal de Guanajuato, se reunieron para llevar a cabo la cuarta Sesi\u00f3n Ordinaria de la Comisi\u00f3n Municipal de Prevenci\u00f3n Social de la Violencia y la Delincuencia, sesi\u00f3n encabezada por Seguridad Ciudadana. <\/p>\n\n\n\n<figure class=\"wp-block-image aligncenter size-large is-resized\"><img loading=\"lazy\" decoding=\"async\" src=\"http:\/\/elguanajuatense.vip\/wp-content\/uploads\/2022\/07\/gto2-1-1024x682.jpg\" alt=\"\" class=\"wp-image-3669\" width=\"523\" height=\"348\" srcset=\"https:\/\/elguanajuatense.vip\/wp-content\/uploads\/2022\/07\/gto2-1-1024x682.jpg 1024w, https:\/\/elguanajuatense.vip\/wp-content\/uploads\/2022\/07\/gto2-1-300x200.jpg 300w, https:\/\/elguanajuatense.vip\/wp-content\/uploads\/2022\/07\/gto2-1-768x512.jpg 768w, https:\/\/elguanajuatense.vip\/wp-content\/uploads\/2022\/07\/gto2-1-600x400.jpg 600w, https:\/\/elguanajuatense.vip\/wp-content\/uploads\/2022\/07\/gto2-1.jpg 1280w\" sizes=\"auto, (max-width: 523px) 100vw, 523px\" \/><\/figure>\n\n\n\n<p><strong>#ElGuanajuatenseVIP<\/strong><\/p>\n","protected":false},"excerpt":{"rendered":"<p>#Guanajuato, #Gto.- Directoras y directores de las diferentes \u00e1reas del Gobierno Municipal de Guanajuato, se reunieron para llevar a cabo<\/p>\n","protected":false},"author":7,"featured_media":3670,"comment_status":"open","ping_status":"open","sticky":false,"template":"","format":"standard","meta":{"colormag_page_container_layout":"default_layout","colormag_page_sidebar_layout":"default_layout","rop_custom_images_group":[],"rop_custom_messages_group":[],"rop_publish_now":"initial","rop_publish_now_accounts":{"facebook_100397929117741_105998571690021":""},"rop_publish_now_history":[],"rop_publish_now_status":"pending","footnotes":""},"categories":[27],"tags":[84,31,114,45,42,83,30,38,39,40,41],"class_list":["post-3668","post","type-post","status-publish","format-standard","has-post-thumbnail","hentry","category-municipios-destacados","tag-alejandro-navarro-saldana","tag-diego-sinhue-rodriguez","tag-dif-municipal-guanajuato","tag-el-guanajuatense-vip","tag-en-vivo","tag-gobierno-municipal-de-guanajuato","tag-guanajuato-gobierno-del-estado","tag-redes-sociales","tag-ultima-hora","tag-ultimas-noticias","tag-ultimo-minuto"],"_links":{"self":[{"href":"https:\/\/elguanajuatense.vip\/index.php?rest_route=\/wp\/v2\/posts\/3668","targetHints":{"allow":["GET"]}}],"collection":[{"href":"https:\/\/elguanajuatense.vip\/index.php?rest_route=\/wp\/v2\/posts"}],"about":[{"href":"https:\/\/elguanajuatense.vip\/index.php?rest_route=\/wp\/v2\/types\/post"}],"author":[{"embeddable":true,"href":"https:\/\/elguanajuatense.vip\/index.php?rest_route=\/wp\/v2\/users\/7"}],"replies":[{"embeddable":true,"href":"https:\/\/elguanajuatense.vip\/index.php?rest_route=%2Fwp%2Fv2%2Fcomments&post=3668"}],"version-history":[{"count":1,"href":"https:\/\/elguanajuatense.vip\/index.php?rest_route=\/wp\/v2\/posts\/3668\/revisions"}],"predecessor-version":[{"id":3671,"href":"https:\/\/elguanajuatense.vip\/index.php?rest_route=\/wp\/v2\/posts\/3668\/revisions\/3671"}],"wp:featuredmedia":[{"embeddable":true,"href":"https:\/\/elguanajuatense.vip\/index.php?rest_route=\/wp\/v2\/media\/3670"}],"wp:attachment":[{"href":"https:\/\/elguanajuatense.vip\/index.php?rest_route=%2Fwp%2Fv2%2Fmedia&parent=3668"}],"wp:term":[{"taxonomy":"category","embeddable":true,"href":"https:\/\/elguanajuatense.vip\/index.php?rest_route=%2Fwp%2Fv2%2Fcategories&post=3668"},{"taxonomy":"post_tag","embeddable":true,"href":"https:\/\/elguanajuatense.vip\/index.php?rest_route=%2Fwp%2Fv2%2Ftags&post=3668"}],"curies":[{"name":"wp","href":"https:\/\/api.w.org\/{rel}","templated":true}]}}