{"id":3770,"date":"2022-08-04T15:25:00","date_gmt":"2022-08-04T20:25:00","guid":{"rendered":"http:\/\/elguanajuatense.vip\/?p=3770"},"modified":"2022-08-04T10:26:13","modified_gmt":"2022-08-04T15:26:13","slug":"participa-el-sspeg-alvar-cabeza-de-vaca-appendini-en-la-primera-reunion-zona-occidente-2022","status":"publish","type":"post","link":"https:\/\/elguanajuatense.vip\/?p=3770","title":{"rendered":"Participa el SSPEG Alvar Cabeza de Vaca\u00a0Appendini,\u00a0en la Primera Reuni\u00f3n Zona Occidente\u00a02022"},"content":{"rendered":"\n<p><strong>#Tepic, #Nay.<\/strong>&#8211; El Secretario de Seguridad P\u00fablica del Estado, Alvar Cabeza de Vaca\u00a0Appendini,\u00a0particip\u00f3 en la Primera Reuni\u00f3n Regional de la Zona Occidente 2022 de la Conferencia Nacional de Secretarios de Seguridad P\u00fablica\u00a0que tuvo lugar en el estado de Nayarit.<\/p>\n\n\n\n<p>Dicha reuni\u00f3n de trabajo estuvo presidida por el Gobernador del Estado de Nayarit, Miguel \u00c1ngel Navarro Quintero; acompa\u00f1ado del Subsecretario de Seguridad P\u00fablica de la Secretar\u00eda de Seguridad y Protecci\u00f3n Ciudadana, Ricardo Mej\u00eda&nbsp;Berdeja; &nbsp;la Secretaria T\u00e9cnica de la Conferencia Nacional de Secretarios de Seguridad P\u00fablica,&nbsp;Aida Fabiola Valencia Ram\u00edrez;&nbsp;el&nbsp;General Luis Rodr\u00edguez&nbsp;Bucio, Comandante de la Guardia&nbsp;Nacional; yel&nbsp;General&nbsp;Audomaro&nbsp;Mart\u00ednez Zapata, titular del Centro Nacional de Inteligencia.<\/p>\n\n\n\n<p>Tambi\u00e9n&nbsp;participaron los Secretarios de Seguridad P\u00fablica de los Estados de&nbsp;Aguascalientes, Colima,&nbsp;Guanajuato,&nbsp;Jalisco, Michoac\u00e1n,&nbsp;Nayarit, Quer\u00e9taro y Zacatecas, mismos que conforman la Regi\u00f3n Occidente.<\/p>\n\n\n\n<p>Durante esta primera reuni\u00f3n el Secretario de Seguridad P\u00fablica del Estado, Alvar Cabeza de Vaca&nbsp;Appendini, fue nombrado representante de la&nbsp;Zona Occidente&nbsp;ante el Consejo&nbsp;de Coordinaci\u00f3n de la Conferencia Nacional de Secretarios de Seguridad P\u00fablica.<\/p>\n\n\n\n<p>En este&nbsp;encuentro&nbsp;de&nbsp;autoridades&nbsp;estatales y federales se avaluaron&nbsp;estrategias&nbsp;de seguridad para que de manera&nbsp;coordinada&nbsp;se&nbsp;desarrollen&nbsp;e implementen con el firme&nbsp;objetivo&nbsp;de&nbsp;fortalecer&nbsp;la seguridad&nbsp;p\u00fablica.&nbsp;<\/p>\n\n\n\n<p>Como parte de los trabajos\u00a0implementados en dicha sesi\u00f3n, los Secretarios de Seguridad P\u00fablica, analizaron diversos temas tales como: Los\u00a0Dict\u00e1menes de las Licencias de Conducir Digitales; la\u00a0Colaboraci\u00f3n entre Unidades Cibern\u00e9ticas; el\u00a0Tablero de Mando del Registro Nacional de Detenciones de Faltas Administrativas y de Hechos Probablemente Delictivos, el\u00a0Sistema de Objetivos Prioritarios.\u00a0<\/p>\n\n\n\n<p><strong>#ElGuanajuatenseVIP<\/strong><\/p>\n","protected":false},"excerpt":{"rendered":"<p>#Tepic, #Nay.&#8211; El Secretario de Seguridad P\u00fablica del Estado, Alvar Cabeza de Vaca\u00a0Appendini,\u00a0particip\u00f3 en la Primera Reuni\u00f3n Regional de la<\/p>\n","protected":false},"author":7,"featured_media":3771,"comment_status":"open","ping_status":"open","sticky":false,"template":"","format":"standard","meta":{"colormag_page_container_layout":"default_layout","colormag_page_sidebar_layout":"default_layout","rop_custom_images_group":[],"rop_custom_messages_group":[],"rop_publish_now":"initial","rop_publish_now_accounts":{"facebook_100397929117741_105998571690021":""},"rop_publish_now_history":[],"rop_publish_now_status":"pending","footnotes":""},"categories":[23],"tags":[37,31,45,42,30,38,39,40,41],"class_list":["post-3770","post","type-post","status-publish","format-standard","has-post-thumbnail","hentry","category-secretarias","tag-comunicacion-social-gobierno-de-guanajuato","tag-diego-sinhue-rodriguez","tag-el-guanajuatense-vip","tag-en-vivo","tag-guanajuato-gobierno-del-estado","tag-redes-sociales","tag-ultima-hora","tag-ultimas-noticias","tag-ultimo-minuto"],"_links":{"self":[{"href":"https:\/\/elguanajuatense.vip\/index.php?rest_route=\/wp\/v2\/posts\/3770","targetHints":{"allow":["GET"]}}],"collection":[{"href":"https:\/\/elguanajuatense.vip\/index.php?rest_route=\/wp\/v2\/posts"}],"about":[{"href":"https:\/\/elguanajuatense.vip\/index.php?rest_route=\/wp\/v2\/types\/post"}],"author":[{"embeddable":true,"href":"https:\/\/elguanajuatense.vip\/index.php?rest_route=\/wp\/v2\/users\/7"}],"replies":[{"embeddable":true,"href":"https:\/\/elguanajuatense.vip\/index.php?rest_route=%2Fwp%2Fv2%2Fcomments&post=3770"}],"version-history":[{"count":1,"href":"https:\/\/elguanajuatense.vip\/index.php?rest_route=\/wp\/v2\/posts\/3770\/revisions"}],"predecessor-version":[{"id":3772,"href":"https:\/\/elguanajuatense.vip\/index.php?rest_route=\/wp\/v2\/posts\/3770\/revisions\/3772"}],"wp:featuredmedia":[{"embeddable":true,"href":"https:\/\/elguanajuatense.vip\/index.php?rest_route=\/wp\/v2\/media\/3771"}],"wp:attachment":[{"href":"https:\/\/elguanajuatense.vip\/index.php?rest_route=%2Fwp%2Fv2%2Fmedia&parent=3770"}],"wp:term":[{"taxonomy":"category","embeddable":true,"href":"https:\/\/elguanajuatense.vip\/index.php?rest_route=%2Fwp%2Fv2%2Fcategories&post=3770"},{"taxonomy":"post_tag","embeddable":true,"href":"https:\/\/elguanajuatense.vip\/index.php?rest_route=%2Fwp%2Fv2%2Ftags&post=3770"}],"curies":[{"name":"wp","href":"https:\/\/api.w.org\/{rel}","templated":true}]}}