{"id":3956,"date":"2022-08-25T11:17:17","date_gmt":"2022-08-25T16:17:17","guid":{"rendered":"http:\/\/elguanajuatense.vip\/?p=3956"},"modified":"2022-08-25T11:17:18","modified_gmt":"2022-08-25T16:17:18","slug":"inician-trabajos-de-electrificacion-en-la-comunidad-de-el-coecillo-en-silao-guanajuato-carlitosgarciav-silaomunicipio","status":"publish","type":"post","link":"https:\/\/elguanajuatense.vip\/?p=3956","title":{"rendered":"Inician trabajos de electrificaci\u00f3n en la Comunidad de El Coecillo en Silao, Guanajuato \/ @carlitosgarciav @SilaoMunicipio >>>"},"content":{"rendered":"\n<p id=\"viewer-foo\"><strong>#Silao, #Gto<\/strong>.- Con el prop\u00f3sito de garantizar el servicio b\u00e1sico de energ\u00eda el\u00e9ctrica para mejorar las condiciones de vida de las familias, el Gobierno Municipal de Silao encabezado por Carlos Garc\u00eda Villase\u00f1or inici\u00f3 con los trabajos de electrificaci\u00f3n en la Comunidad de El Coecillo.<\/p>\n\n\n\n<p id=\"viewer-acb6h\">Durante su discurso, el Presidente Municipal de Silao explic\u00f3 que dicha obra consiste en la colocaci\u00f3n de postes, tendido de cableado, instalaci\u00f3n de transformadores y luminarias en la calle Santo Tom\u00e1s con una inversi\u00f3n de 875 mil 944.93 pesos en beneficio de 85 personas.<\/p>\n\n\n\n<p id=\"viewer-3u0mm\">\u201cTal como la pidieron as\u00ed se va a hacer la obra, aqu\u00ed lo importante es trabajar en equipo y coordinadamente, quiero que sepan que se har\u00e1 lo que diga la gente no lo que el Presidente quiera\u201d, dijo el primer Edil.<\/p>\n\n\n\n<p id=\"viewer-8io95\">Garc\u00eda Villase\u00f1or reiter\u00f3 su compromiso con la sociedad de atender con rapidez y eficiencia las peticiones de los silaoenses para evolucionar a Silao con m\u00e1s obras y acciones.<\/p>\n\n\n\n<p><strong>#ElGuanajuatenseVIP<\/strong> &#8211; <a href=\"https:\/\/www.facebook.com\/ElGuanajuatenseVIP\/\"><strong>El Guanajuatense VIP<\/strong><\/a><\/p>\n","protected":false},"excerpt":{"rendered":"<p>#Silao, #Gto.- Con el prop\u00f3sito de garantizar el servicio b\u00e1sico de energ\u00eda el\u00e9ctrica para mejorar las condiciones de vida de<\/p>\n","protected":false},"author":7,"featured_media":3957,"comment_status":"open","ping_status":"open","sticky":false,"template":"","format":"standard","meta":{"colormag_page_container_layout":"default_layout","colormag_page_sidebar_layout":"default_layout","rop_custom_images_group":[],"rop_custom_messages_group":[],"rop_publish_now":"initial","rop_publish_now_accounts":{"facebook_100397929117741_105998571690021":""},"rop_publish_now_history":[],"rop_publish_now_status":"pending","footnotes":""},"categories":[26],"tags":[89,37,31,90,45,42,30,38,157,156,158,88,39,40,41],"class_list":["post-3956","post","type-post","status-publish","format-standard","has-post-thumbnail","hentry","category-municipios","tag-carlos-garcia-villasenor","tag-comunicacion-social-gobierno-de-guanajuato","tag-diego-sinhue-rodriguez","tag-dif-silao","tag-el-guanajuatense-vip","tag-en-vivo","tag-guanajuato-gobierno-del-estado","tag-redes-sociales","tag-secretaria-de-economia","tag-secretaria-de-educacion-publica","tag-secretaria-del-trabajo-y-prevision-social","tag-silao-municipio","tag-ultima-hora","tag-ultimas-noticias","tag-ultimo-minuto"],"_links":{"self":[{"href":"https:\/\/elguanajuatense.vip\/index.php?rest_route=\/wp\/v2\/posts\/3956","targetHints":{"allow":["GET"]}}],"collection":[{"href":"https:\/\/elguanajuatense.vip\/index.php?rest_route=\/wp\/v2\/posts"}],"about":[{"href":"https:\/\/elguanajuatense.vip\/index.php?rest_route=\/wp\/v2\/types\/post"}],"author":[{"embeddable":true,"href":"https:\/\/elguanajuatense.vip\/index.php?rest_route=\/wp\/v2\/users\/7"}],"replies":[{"embeddable":true,"href":"https:\/\/elguanajuatense.vip\/index.php?rest_route=%2Fwp%2Fv2%2Fcomments&post=3956"}],"version-history":[{"count":1,"href":"https:\/\/elguanajuatense.vip\/index.php?rest_route=\/wp\/v2\/posts\/3956\/revisions"}],"predecessor-version":[{"id":3958,"href":"https:\/\/elguanajuatense.vip\/index.php?rest_route=\/wp\/v2\/posts\/3956\/revisions\/3958"}],"wp:featuredmedia":[{"embeddable":true,"href":"https:\/\/elguanajuatense.vip\/index.php?rest_route=\/wp\/v2\/media\/3957"}],"wp:attachment":[{"href":"https:\/\/elguanajuatense.vip\/index.php?rest_route=%2Fwp%2Fv2%2Fmedia&parent=3956"}],"wp:term":[{"taxonomy":"category","embeddable":true,"href":"https:\/\/elguanajuatense.vip\/index.php?rest_route=%2Fwp%2Fv2%2Fcategories&post=3956"},{"taxonomy":"post_tag","embeddable":true,"href":"https:\/\/elguanajuatense.vip\/index.php?rest_route=%2Fwp%2Fv2%2Ftags&post=3956"}],"curies":[{"name":"wp","href":"https:\/\/api.w.org\/{rel}","templated":true}]}}